{"id":15062,"date":"2017-12-07T18:45:20","date_gmt":"2017-12-07T23:45:20","guid":{"rendered":"http:\/\/www.prwrestling.com\/nw\/?p=15062"},"modified":"2017-12-07T18:45:20","modified_gmt":"2017-12-07T23:45:20","slug":"lo-que-la-wwe-originalmente-queria-para-neville-foto","status":"publish","type":"post","link":"https:\/\/www.prwrestling.com\/nw\/lo-que-la-wwe-originalmente-queria-para-neville-foto\/","title":{"rendered":"Lo que la WWE originalmente quer\u00eda para Neville (foto)"},"content":{"rendered":"<p><a href=\"http:\/\/www.prwrestling.com\/nw\/wp-content\/uploads\/2014\/09\/adrian-neville.jpg\"><img loading=\"lazy\" decoding=\"async\" class=\"alignnone size-full wp-image-1632\" src=\"http:\/\/www.prwrestling.com\/nw\/wp-content\/uploads\/2014\/09\/adrian-neville.jpg\" alt=\"\" width=\"398\" height=\"224\" srcset=\"https:\/\/www.prwrestling.com\/nw\/wp-content\/uploads\/2014\/09\/adrian-neville.jpg 398w, https:\/\/www.prwrestling.com\/nw\/wp-content\/uploads\/2014\/09\/adrian-neville-300x168.jpg 300w\" sizes=\"auto, (max-width: 398px) 100vw, 398px\" \/><\/a><\/p>\n<p><em>James McKenna de ProWrestlingSheet.com public\u00f3 una maqueta de lo que la WWE quer\u00eda que Neville se viera originalmente.<\/em><!--more--><\/p>\n<p>Hace unos a\u00f1os, hubo informes de que WWE quer\u00eda darle a Neville un personaje de superh\u00e9roe como &#8220;Mighty Mouse&#8221;.<script async src=\"\/\/pagead2.googlesyndication.com\/pagead\/js\/adsbygoogle.js\"><\/script><br \/>\n<!-- 300 x 200 - rpeortajes --><br \/>\n<ins class=\"adsbygoogle\"\n     style=\"display:inline-block;width:300px;height:250px\"\n     data-ad-client=\"ca-pub-4432518938189770\"\n     data-ad-slot=\"8848533845\"><\/ins><br \/>\n<script>\n(adsbygoogle = window.adsbygoogle || []).push({});\n<\/script> <\/p>\n<blockquote class=\"twitter-tweet\" data-lang=\"en\">\n<p dir=\"ltr\" lang=\"en\">unsure if i have ever shared this, but heres a mockup of what they initially wanted neville to wear in wwe and i was SO insanely glad they shot it down last minute. <a href=\"https:\/\/t.co\/ZXOQlXRMVz\">pic.twitter.com\/ZXOQlXRMVz<\/a><\/p>\n<p>\u2014 james mckenna (@chillhartman) <a href=\"https:\/\/twitter.com\/chillhartman\/status\/938842920555302912?ref_src=twsrc%5Etfw\" target=\"_blank\" rel=\"noopener\">December 7, 2017<\/a><\/p><\/blockquote>\n<p><script async src=\"https:\/\/platform.twitter.com\/widgets.js\" charset=\"utf-8\"><\/script> <script async src=\"\/\/pagead2.googlesyndication.com\/pagead\/js\/adsbygoogle.js\"><\/script><br \/>\n<!-- 300 x 200 - rpeortajes --><br \/>\n<ins class=\"adsbygoogle\"\n     style=\"display:inline-block;width:300px;height:250px\"\n     data-ad-client=\"ca-pub-4432518938189770\"\n     data-ad-slot=\"8848533845\"><\/ins><br \/>\n<script>\n(adsbygoogle = window.adsbygoogle || []).push({});\n<\/script><\/p>\n","protected":false},"excerpt":{"rendered":"<p>James McKenna de ProWrestlingSheet.com public\u00f3 una maqueta de lo que la WWE quer\u00eda que Neville se viera originalmente.<\/p>\n","protected":false},"author":1,"featured_media":4145,"comment_status":"closed","ping_status":"closed","sticky":false,"template":"","format":"standard","meta":{"footnotes":""},"categories":[5],"tags":[],"class_list":{"0":"post-15062","1":"post","2":"type-post","3":"status-publish","4":"format-standard","5":"has-post-thumbnail","7":"category-noticias"},"_links":{"self":[{"href":"https:\/\/www.prwrestling.com\/nw\/wp-json\/wp\/v2\/posts\/15062","targetHints":{"allow":["GET"]}}],"collection":[{"href":"https:\/\/www.prwrestling.com\/nw\/wp-json\/wp\/v2\/posts"}],"about":[{"href":"https:\/\/www.prwrestling.com\/nw\/wp-json\/wp\/v2\/types\/post"}],"author":[{"embeddable":true,"href":"https:\/\/www.prwrestling.com\/nw\/wp-json\/wp\/v2\/users\/1"}],"replies":[{"embeddable":true,"href":"https:\/\/www.prwrestling.com\/nw\/wp-json\/wp\/v2\/comments?post=15062"}],"version-history":[{"count":1,"href":"https:\/\/www.prwrestling.com\/nw\/wp-json\/wp\/v2\/posts\/15062\/revisions"}],"predecessor-version":[{"id":15064,"href":"https:\/\/www.prwrestling.com\/nw\/wp-json\/wp\/v2\/posts\/15062\/revisions\/15064"}],"wp:featuredmedia":[{"embeddable":true,"href":"https:\/\/www.prwrestling.com\/nw\/wp-json\/wp\/v2\/media\/4145"}],"wp:attachment":[{"href":"https:\/\/www.prwrestling.com\/nw\/wp-json\/wp\/v2\/media?parent=15062"}],"wp:term":[{"taxonomy":"category","embeddable":true,"href":"https:\/\/www.prwrestling.com\/nw\/wp-json\/wp\/v2\/categories?post=15062"},{"taxonomy":"post_tag","embeddable":true,"href":"https:\/\/www.prwrestling.com\/nw\/wp-json\/wp\/v2\/tags?post=15062"}],"curies":[{"name":"wp","href":"https:\/\/api.w.org\/{rel}","templated":true}]}}