{"id":15418,"date":"2017-12-25T12:55:02","date_gmt":"2017-12-25T17:55:02","guid":{"rendered":"http:\/\/www.prwrestling.com\/nw\/?p=15418"},"modified":"2017-12-25T12:55:02","modified_gmt":"2017-12-25T17:55:02","slug":"ex-diva-de-la-wwe-regresara-al-ring-balor-publico-acerca-de-tener-que-luchar-en-navidad","status":"publish","type":"post","link":"https:\/\/www.prwrestling.com\/nw\/ex-diva-de-la-wwe-regresara-al-ring-balor-publico-acerca-de-tener-que-luchar-en-navidad\/","title":{"rendered":"Ex diva de la WWE regresar\u00e1 al ring; B\u00e1lor public\u00f3 acerca de tener que luchar en Navidad"},"content":{"rendered":"<p><a href=\"http:\/\/www.prwrestling.com\/nw\/wp-content\/uploads\/2017\/04\/BALOR-e1492487713398.png\"><img loading=\"lazy\" decoding=\"async\" class=\"alignnone size-full wp-image-12545\" src=\"http:\/\/www.prwrestling.com\/nw\/wp-content\/uploads\/2017\/04\/BALOR-e1492487713398.png\" alt=\"\" width=\"525\" height=\"312\" \/><\/a><\/p>\n<p><em>Coastal Championship Wrestling anunci\u00f3 que la ex WWE Diva Kaitlyn volver\u00e1 al ring despu\u00e9s de una ausencia de cuatro a\u00f1os. El evento tendr\u00e1 lugar el s\u00e1bado, 10 de febrero.<\/em><!--more--> <script async src=\"\/\/pagead2.googlesyndication.com\/pagead\/js\/adsbygoogle.js\"><\/script><br \/>\n<!-- 300 x 200 - rpeortajes --><br \/>\n<ins class=\"adsbygoogle\"\n     style=\"display:inline-block;width:300px;height:250px\"\n     data-ad-client=\"ca-pub-4432518938189770\"\n     data-ad-slot=\"8848533845\"><\/ins><br \/>\n<script>\n(adsbygoogle = window.adsbygoogle || []).push({});\n<\/script> <iframe loading=\"lazy\" style=\"border: none; overflow: hidden;\" src=\"https:\/\/www.facebook.com\/plugins\/post.php?href=https%3A%2F%2Fwww.facebook.com%2Fccwevents%2Fposts%2F1157388917731044%3A0&amp;width=500\" width=\"500\" height=\"765\" frameborder=\"0\" scrolling=\"no\"><\/iframe><\/p>\n<p>Finn Balor public\u00f3 acerca de tener que trabajar en Navidad<\/p>\n<p>Finn Balor public\u00f3 en su cuenta de Twitter para mencionar lo dif\u00edcil que es salir de casa en la v\u00edspera de Navidad porque tiene que trabajar en el episodio navide\u00f1o de RAW de esta noche. <script async src=\"\/\/pagead2.googlesyndication.com\/pagead\/js\/adsbygoogle.js\"><\/script><br \/>\n<!-- 300 x 200 - rpeortajes --><br \/>\n<ins class=\"adsbygoogle\"\n     style=\"display:inline-block;width:300px;height:250px\"\n     data-ad-client=\"ca-pub-4432518938189770\"\n     data-ad-slot=\"8848533845\"><\/ins><br \/>\n<script>\n(adsbygoogle = window.adsbygoogle || []).push({});\n<\/script> Balor escribi\u00f3: &#8220;Siempre es dif\u00edcil salir de casa, incluso m\u00e1s dif\u00edcil en la v\u00edspera de Navidad. Le dije a mi madre: &#8220;Lamento que tengamos RAW el d\u00eda de Navidad y tengo que luchar&#8221;. Ella respondi\u00f3: &#8220;\u00a1Bueno, no es mejor que no seas capaz de luchar en RAW el d\u00eda de Navidad!&#8221; Perspectiva &#8220;.<\/p>\n<blockquote class=\"twitter-tweet\" data-lang=\"en\">\n<p dir=\"ltr\" lang=\"en\">Its always hard leaving home, even harder on Xmas eve.<br \/>\nI told my mum<br \/>\n\u2018I\u2019m sorry that we have RAW on Xmas day &amp; I have to go wrestle\u2019<br \/>\nShe replied<br \/>\n\u2018Well isn\u2019t it better than you NOT being able to go wrestle on raw on Xmas day!\u2019<br \/>\n&#x1f478;&#x1f3fc;Perspective<\/p>\n<p>\u2014 Finn B\u00e1lor Forever (@FinnBalor) <a href=\"https:\/\/twitter.com\/FinnBalor\/status\/944978227038244864?ref_src=twsrc%5Etfw\" target=\"_blank\" rel=\"noopener\">December 24, 2017<\/a><\/p><\/blockquote>\n<p><script async src=\"https:\/\/platform.twitter.com\/widgets.js\" charset=\"utf-8\"><\/script> <script async src=\"\/\/pagead2.googlesyndication.com\/pagead\/js\/adsbygoogle.js\"><\/script><br \/>\n<!-- 300 x 200 - rpeortajes --><br \/>\n<ins class=\"adsbygoogle\"\n     style=\"display:inline-block;width:300px;height:250px\"\n     data-ad-client=\"ca-pub-4432518938189770\"\n     data-ad-slot=\"8848533845\"><\/ins><br \/>\n<script>\n(adsbygoogle = window.adsbygoogle || []).push({});\n<\/script> Bryan Danielson (WWE Daniel Bryan) vs. Fergal Devitt ( WWE Finn Balor) @ NWA Reclaiming the Glory World&#8217;s<br \/>\n <iframe loading=\"lazy\" width=\"560\" height=\"315\" src=\"https:\/\/www.youtube.com\/embed\/xKeP2PEOSbE\" frameborder=\"0\" gesture=\"media\" allow=\"encrypted-media\" allowfullscreen><\/iframe><\/p>\n","protected":false},"excerpt":{"rendered":"<p>Coastal Championship Wrestling anunci\u00f3 que la ex WWE Diva Kaitlyn volver\u00e1 al ring despu\u00e9s de una ausencia de cuatro a\u00f1os. El evento tendr\u00e1 lugar el s\u00e1bado, 10 de febrero.<\/p>\n","protected":false},"author":1,"featured_media":13361,"comment_status":"closed","ping_status":"closed","sticky":false,"template":"","format":"standard","meta":{"footnotes":""},"categories":[5],"tags":[],"class_list":{"0":"post-15418","1":"post","2":"type-post","3":"status-publish","4":"format-standard","5":"has-post-thumbnail","7":"category-noticias"},"_links":{"self":[{"href":"https:\/\/www.prwrestling.com\/nw\/wp-json\/wp\/v2\/posts\/15418","targetHints":{"allow":["GET"]}}],"collection":[{"href":"https:\/\/www.prwrestling.com\/nw\/wp-json\/wp\/v2\/posts"}],"about":[{"href":"https:\/\/www.prwrestling.com\/nw\/wp-json\/wp\/v2\/types\/post"}],"author":[{"embeddable":true,"href":"https:\/\/www.prwrestling.com\/nw\/wp-json\/wp\/v2\/users\/1"}],"replies":[{"embeddable":true,"href":"https:\/\/www.prwrestling.com\/nw\/wp-json\/wp\/v2\/comments?post=15418"}],"version-history":[{"count":1,"href":"https:\/\/www.prwrestling.com\/nw\/wp-json\/wp\/v2\/posts\/15418\/revisions"}],"predecessor-version":[{"id":15420,"href":"https:\/\/www.prwrestling.com\/nw\/wp-json\/wp\/v2\/posts\/15418\/revisions\/15420"}],"wp:featuredmedia":[{"embeddable":true,"href":"https:\/\/www.prwrestling.com\/nw\/wp-json\/wp\/v2\/media\/13361"}],"wp:attachment":[{"href":"https:\/\/www.prwrestling.com\/nw\/wp-json\/wp\/v2\/media?parent=15418"}],"wp:term":[{"taxonomy":"category","embeddable":true,"href":"https:\/\/www.prwrestling.com\/nw\/wp-json\/wp\/v2\/categories?post=15418"},{"taxonomy":"post_tag","embeddable":true,"href":"https:\/\/www.prwrestling.com\/nw\/wp-json\/wp\/v2\/tags?post=15418"}],"curies":[{"name":"wp","href":"https:\/\/api.w.org\/{rel}","templated":true}]}}