{"id":15519,"date":"2017-12-29T16:19:31","date_gmt":"2017-12-29T21:19:31","guid":{"rendered":"http:\/\/www.prwrestling.com\/nw\/?p=15519"},"modified":"2017-12-29T16:19:31","modified_gmt":"2017-12-29T21:19:31","slug":"kurt-angle-anuncio-lucha-por-el-titulo-ic-para-el-primer-raw-de-2018-con-singular-estipulacion","status":"publish","type":"post","link":"https:\/\/www.prwrestling.com\/nw\/kurt-angle-anuncio-lucha-por-el-titulo-ic-para-el-primer-raw-de-2018-con-singular-estipulacion\/","title":{"rendered":"Kurt Angle anunci\u00f3 lucha por el t\u00edtulo IC para el primer RAW de 2018 con singular estipulaci\u00f3n"},"content":{"rendered":"<p><a href=\"http:\/\/www.prwrestling.com\/nw\/wp-content\/uploads\/2017\/09\/angle-vince.jpg\"><img data-dominant-color=\"4f3039\" data-has-transparency=\"false\" style=\"--dominant-color: #4f3039;\" loading=\"lazy\" decoding=\"async\" class=\"alignnone size-full wp-image-14783 not-transparent\" src=\"http:\/\/www.prwrestling.com\/nw\/wp-content\/uploads\/2017\/09\/angle-vince.jpg\" alt=\"\" width=\"570\" height=\"312\" \/><\/a><\/p>\n<p><em>El gerente general RAW, Kurt Angle acaba de publicar lo siguiente en Twitter anunciando que Roman Reigns defender\u00e1 su Campeonato Intercontinental contra Samoa Joe el pr\u00f3ximo lunes en el primer RAW de 2018.<\/em><!--more--> <script async src=\"\/\/pagead2.googlesyndication.com\/pagead\/js\/adsbygoogle.js\"><\/script><br \/>\n<!-- 300 x 200 - rpeortajes --><br \/>\n<ins class=\"adsbygoogle\"\n     style=\"display:inline-block;width:300px;height:250px\"\n     data-ad-client=\"ca-pub-4432518938189770\"\n     data-ad-slot=\"8848533845\"><\/ins><br \/>\n<script>\n(adsbygoogle = window.adsbygoogle || []).push({});\n<\/script> Angle ha agregado la estipulaci\u00f3n de que si Roman Reigns queda descalificado, perder\u00e1 la lucha y su Campeonato Intercontinental:<\/p>\n<blockquote class=\"twitter-tweet\" data-lang=\"en\">\n<p dir=\"ltr\" lang=\"en\">On the first <a href=\"https:\/\/twitter.com\/hashtag\/Raw?src=hash&amp;ref_src=twsrc%5Etfw\" target=\"_blank\" rel=\"noopener\">#Raw<\/a> of 2018 <a href=\"https:\/\/twitter.com\/WWERomanReigns?ref_src=twsrc%5Etfw\" target=\"_blank\" rel=\"noopener\">@WWERomanReigns<\/a> will defend his <a href=\"https:\/\/twitter.com\/hashtag\/ICTitle?src=hash&amp;ref_src=twsrc%5Etfw\" target=\"_blank\" rel=\"noopener\">#ICTitle<\/a> against <a href=\"https:\/\/twitter.com\/SamoaJoe?ref_src=twsrc%5Etfw\" target=\"_blank\" rel=\"noopener\">@SamoaJoe<\/a>; if Roman is DQ\u2019ed, he\u2019ll lose the match AND his title<\/p>\n<p>\u2014 Kurt Angle (@RealKurtAngle) <a href=\"https:\/\/twitter.com\/RealKurtAngle\/status\/946838373636784128?ref_src=twsrc%5Etfw\" target=\"_blank\" rel=\"noopener\">December 29, 2017<\/a><\/p><\/blockquote>\n<p><script async src=\"https:\/\/platform.twitter.com\/widgets.js\" charset=\"utf-8\"><\/script> <script async src=\"\/\/pagead2.googlesyndication.com\/pagead\/js\/adsbygoogle.js\"><\/script><br \/>\n<!-- 300 x 200 - rpeortajes --><br \/>\n<ins class=\"adsbygoogle\"\n     style=\"display:inline-block;width:300px;height:250px\"\n     data-ad-client=\"ca-pub-4432518938189770\"\n     data-ad-slot=\"8848533845\"><\/ins><br \/>\n<script>\n(adsbygoogle = window.adsbygoogle || []).push({});\n<\/script> \u00bf Intervendr\u00e1 Jason Jordan en la lucha ? <\/p>\n","protected":false},"excerpt":{"rendered":"<p>El gerente general RAW, Kurt Angle acaba de publicar lo siguiente en Twitter anunciando que Roman Reigns defender\u00e1 su Campeonato Intercontinental contra Samoa Joe el pr\u00f3ximo lunes en el primer RAW de 2018.<\/p>\n","protected":false},"author":1,"featured_media":11602,"comment_status":"closed","ping_status":"closed","sticky":false,"template":"","format":"standard","meta":{"footnotes":""},"categories":[5],"tags":[],"class_list":{"0":"post-15519","1":"post","2":"type-post","3":"status-publish","4":"format-standard","5":"has-post-thumbnail","7":"category-noticias"},"_links":{"self":[{"href":"https:\/\/www.prwrestling.com\/nw\/wp-json\/wp\/v2\/posts\/15519","targetHints":{"allow":["GET"]}}],"collection":[{"href":"https:\/\/www.prwrestling.com\/nw\/wp-json\/wp\/v2\/posts"}],"about":[{"href":"https:\/\/www.prwrestling.com\/nw\/wp-json\/wp\/v2\/types\/post"}],"author":[{"embeddable":true,"href":"https:\/\/www.prwrestling.com\/nw\/wp-json\/wp\/v2\/users\/1"}],"replies":[{"embeddable":true,"href":"https:\/\/www.prwrestling.com\/nw\/wp-json\/wp\/v2\/comments?post=15519"}],"version-history":[{"count":1,"href":"https:\/\/www.prwrestling.com\/nw\/wp-json\/wp\/v2\/posts\/15519\/revisions"}],"predecessor-version":[{"id":15521,"href":"https:\/\/www.prwrestling.com\/nw\/wp-json\/wp\/v2\/posts\/15519\/revisions\/15521"}],"wp:featuredmedia":[{"embeddable":true,"href":"https:\/\/www.prwrestling.com\/nw\/wp-json\/wp\/v2\/media\/11602"}],"wp:attachment":[{"href":"https:\/\/www.prwrestling.com\/nw\/wp-json\/wp\/v2\/media?parent=15519"}],"wp:term":[{"taxonomy":"category","embeddable":true,"href":"https:\/\/www.prwrestling.com\/nw\/wp-json\/wp\/v2\/categories?post=15519"},{"taxonomy":"post_tag","embeddable":true,"href":"https:\/\/www.prwrestling.com\/nw\/wp-json\/wp\/v2\/tags?post=15519"}],"curies":[{"name":"wp","href":"https:\/\/api.w.org\/{rel}","templated":true}]}}