{"id":15890,"date":"2018-01-15T11:21:39","date_gmt":"2018-01-15T16:21:39","guid":{"rendered":"http:\/\/www.prwrestling.com\/nw\/?p=15890"},"modified":"2018-01-15T11:21:39","modified_gmt":"2018-01-15T16:21:39","slug":"campeon-de-raw-sufrio-lesion-leyenda-de-mma-le-salva-la-vida-a-mauro-ramallo","status":"publish","type":"post","link":"https:\/\/www.prwrestling.com\/nw\/campeon-de-raw-sufrio-lesion-leyenda-de-mma-le-salva-la-vida-a-mauro-ramallo\/","title":{"rendered":"Campe\u00f3n de RAW sufri\u00f3 lesi\u00f3n; Leyenda de MMA le salva la vida a Mauro Ramallo"},"content":{"rendered":"<p><a href=\"http:\/\/www.prwrestling.com\/nw\/wp-content\/uploads\/2017\/07\/angle-jordan.jpg\"><img data-dominant-color=\"756161\" data-has-transparency=\"false\" style=\"--dominant-color: #756161;\" loading=\"lazy\" decoding=\"async\" class=\"alignnone size-full wp-image-14204 not-transparent\" src=\"http:\/\/www.prwrestling.com\/nw\/wp-content\/uploads\/2017\/07\/angle-jordan.jpg\" alt=\"\" width=\"560\" height=\"333\" \/><\/a><\/p>\n<p><em>Jason Jordan se perdi\u00f3 los eventos en vivo de Raw durante el fin de semana en Texas debido a una lesi\u00f3n, confirm\u00f3 PWInsider.com.<\/em><!--more--><\/p>\n<p>Todav\u00eda no hemos confirmado la naturaleza de la lesi\u00f3n y no hemos escuchado si est\u00e1 programado para aparecer en Raw esta noche. <script async src=\"\/\/pagead2.googlesyndication.com\/pagead\/js\/adsbygoogle.js\"><\/script><br \/>\n<!-- 300 x 200 - rpeortajes --><br \/>\n<ins class=\"adsbygoogle\"\n     style=\"display:inline-block;width:300px;height:250px\"\n     data-ad-client=\"ca-pub-4432518938189770\"\n     data-ad-slot=\"8848533845\"><\/ins><br \/>\n<script>\n(adsbygoogle = window.adsbygoogle || []).push({});\n<\/script> Jordan est\u00e1 programado para formar equipo con Seth Rollins para defender el campeonato Raw Tag Team contra The Bar en el 1\/28 Royal Rumble en Philadelphia, PA.<\/p>\n<p>El comentarista de NXT Mauro Ranallo casi se muere de asfixia el domingo por la noche, pero afortunadamente la leyenda del MMA Frank Shamrock estuvo all\u00ed para salvar el d\u00eda.<\/p>\n<p>Mauro tuite\u00f3: &#8220;Por favor, aprende la maniobra de Heimlich. Frank Shamrock me salv\u00f3 la vida esta noche&#8221;.<\/p>\n<p>Shamrock fue el primer campe\u00f3n de peso semipesado de UFC, as\u00ed como el primer campe\u00f3n de peso mediano de Strikeforce y fue nombrado &#8220;peleador m\u00e1s sobresaliente&#8221; dos a\u00f1os seguidos por el bolet\u00edn de Wrestling Observer. <script async src=\"\/\/pagead2.googlesyndication.com\/pagead\/js\/adsbygoogle.js\"><\/script><br \/>\n<!-- 300 x 200 - rpeortajes --><br \/>\n<ins class=\"adsbygoogle\"\n     style=\"display:inline-block;width:300px;height:250px\"\n     data-ad-client=\"ca-pub-4432518938189770\"\n     data-ad-slot=\"8848533845\"><\/ins><br \/>\n<script>\n(adsbygoogle = window.adsbygoogle || []).push({});\n<\/script> Ranallo, por supuesto, regres\u00f3 a la WWE como el comentarista principal de la marca NXT a mediados de 2017 despu\u00e9s de una breve ausencia.<\/p>\n<p>Para los interesados, la Cruz Roja Americana alberga numerosos cursos de capacitaci\u00f3n para primeros auxilios generales, CPR y m\u00e1s en todo el pa\u00eds. Visite el sitio web oficial de la <a href=\"https:\/\/www.redcross.org\/take-a-class?scode=PSG00000E017&amp;gclid=Cj0KCQiAnOzSBRDGARIsAL-mUB2sJOuCFmXcBSnI0g-x28zY8GiQG7Xp9T9PGKX_Ya8KEjhsnuFDcN4aAo8eEALw_wcB&amp;gclsrc=aw.ds&amp;dclid=CMyv08KJ2dgCFYMWAQodKPcGvA\" rel=\"noopener\" target=\"_blank\">Cruz Roja<\/a> para obtener m\u00e1s informaci\u00f3n. <\/p>\n<blockquote class=\"twitter-tweet\" data-lang=\"en\">\n<p dir=\"ltr\" lang=\"en\">Please learn the Heimlich maneuver. <a href=\"https:\/\/twitter.com\/frankshamrock?ref_src=twsrc%5Etfw\" target=\"_blank\" rel=\"noopener\">@frankshamrock<\/a> saved my life with it tonight. &#x1f64f;<\/p>\n<p>\u2014 Mauro Ranallo (@mauroranallo) <a href=\"https:\/\/twitter.com\/mauroranallo\/status\/952744080441622528?ref_src=twsrc%5Etfw\" target=\"_blank\" rel=\"noopener\">January 15, 2018<\/a><\/p><\/blockquote>\n<p><script async src=\"https:\/\/platform.twitter.com\/widgets.js\" charset=\"utf-8\"><\/script> <script async src=\"\/\/pagead2.googlesyndication.com\/pagead\/js\/adsbygoogle.js\"><\/script><br \/>\n<!-- 300 x 200 - rpeortajes --><br \/>\n<ins class=\"adsbygoogle\"\n     style=\"display:inline-block;width:300px;height:250px\"\n     data-ad-client=\"ca-pub-4432518938189770\"\n     data-ad-slot=\"8848533845\"><\/ins><br \/>\n<script>\n(adsbygoogle = window.adsbygoogle || []).push({});\n<\/script><\/p>\n","protected":false},"excerpt":{"rendered":"<p>Jason Jordan se perdi\u00f3 los eventos en vivo de Raw durante el fin de semana en Texas debido a una lesi\u00f3n, confirm\u00f3 PWInsider.com.<\/p>\n","protected":false},"author":1,"featured_media":14851,"comment_status":"closed","ping_status":"closed","sticky":false,"template":"","format":"standard","meta":{"footnotes":""},"categories":[5],"tags":[],"class_list":{"0":"post-15890","1":"post","2":"type-post","3":"status-publish","4":"format-standard","5":"has-post-thumbnail","7":"category-noticias"},"_links":{"self":[{"href":"https:\/\/www.prwrestling.com\/nw\/wp-json\/wp\/v2\/posts\/15890","targetHints":{"allow":["GET"]}}],"collection":[{"href":"https:\/\/www.prwrestling.com\/nw\/wp-json\/wp\/v2\/posts"}],"about":[{"href":"https:\/\/www.prwrestling.com\/nw\/wp-json\/wp\/v2\/types\/post"}],"author":[{"embeddable":true,"href":"https:\/\/www.prwrestling.com\/nw\/wp-json\/wp\/v2\/users\/1"}],"replies":[{"embeddable":true,"href":"https:\/\/www.prwrestling.com\/nw\/wp-json\/wp\/v2\/comments?post=15890"}],"version-history":[{"count":1,"href":"https:\/\/www.prwrestling.com\/nw\/wp-json\/wp\/v2\/posts\/15890\/revisions"}],"predecessor-version":[{"id":15892,"href":"https:\/\/www.prwrestling.com\/nw\/wp-json\/wp\/v2\/posts\/15890\/revisions\/15892"}],"wp:featuredmedia":[{"embeddable":true,"href":"https:\/\/www.prwrestling.com\/nw\/wp-json\/wp\/v2\/media\/14851"}],"wp:attachment":[{"href":"https:\/\/www.prwrestling.com\/nw\/wp-json\/wp\/v2\/media?parent=15890"}],"wp:term":[{"taxonomy":"category","embeddable":true,"href":"https:\/\/www.prwrestling.com\/nw\/wp-json\/wp\/v2\/categories?post=15890"},{"taxonomy":"post_tag","embeddable":true,"href":"https:\/\/www.prwrestling.com\/nw\/wp-json\/wp\/v2\/tags?post=15890"}],"curies":[{"name":"wp","href":"https:\/\/api.w.org\/{rel}","templated":true}]}}