{"id":171221,"date":"2022-05-28T09:26:01","date_gmt":"2022-05-28T13:26:01","guid":{"rendered":"https:\/\/www.prwrestling.com\/nw\/?p=171221"},"modified":"2022-05-28T09:28:16","modified_gmt":"2022-05-28T13:28:16","slug":"fotos-se-casan-charlotte-flair-y-andrade","status":"publish","type":"post","link":"https:\/\/www.prwrestling.com\/nw\/fotos-se-casan-charlotte-flair-y-andrade\/","title":{"rendered":"Fotos: Se casan Charlotte Flair y Andrade"},"content":{"rendered":"<p>Andrade El \u00cddolo y Charlotte Flair se casaron el viernes, 27 de mayo.<!--more--><div id=\"ad-slot\" style=\"min-width: 300px; min-height: 250px;\">\r\n<p style=\"text-align: center;\">\r\n<script async src=\"https:\/\/pagead2.googlesyndication.com\/pagead\/js\/adsbygoogle.js\"><\/script>\r\n<!-- 300x250 sc a -->\r\n<ins class=\"adsbygoogle\"\r\n     style=\"display:inline-block;width:300px;height:250px\"\r\n     data-ad-client=\"ca-pub-1244235910658811\"\r\n     data-ad-slot=\"8592682546\"><\/ins>\r\n<script>\r\n     (adsbygoogle = window.adsbygoogle || []).push({});\r\n<\/script><\/center>\r\n<\/p><\/div><br \/>\nLa noticia fue confirmada luego de que varias im\u00e1genes comenzaran a circular por redes sociales.<\/p>\n<p>Durante la ceremonia tambi\u00e9n se han dejado ver algunas superestrellas de WWE como Rey Mysterio, Finn Balor o Apollo Crews. A continuaci\u00f3n algunas im\u00e1genes.<\/p>\n<blockquote class=\"twitter-tweet\">\n<p lang=\"en\" dir=\"ltr\">Congratulations to Charlotte and Andrade tying the knot yesterday &#x2764;&#xfe0f; <a href=\"https:\/\/t.co\/LgbQJh6aoL\">pic.twitter.com\/LgbQJh6aoL<\/a><\/p>\n<p>&mdash; No Context Flair (@NoContextFlair) <a href=\"https:\/\/twitter.com\/NoContextFlair\/status\/1530443840259248128?ref_src=twsrc%5Etfw\" target=\"_blank\" rel=\"noopener\">May 28, 2022<\/a><\/p><\/blockquote>\n<p> <script async src=\"https:\/\/platform.twitter.com\/widgets.js\" charset=\"utf-8\"><\/script><\/p>\n<blockquote class=\"twitter-tweet\">\n<p lang=\"en\" dir=\"ltr\">So happy for Charlotte flair and Andrade , godd wishes to both &#x2764; <a href=\"https:\/\/t.co\/YaCVI796wW\">pic.twitter.com\/YaCVI796wW<\/a><\/p>\n<p>&mdash; \u0631\u064a\u0645 (@Reem0666666) <a href=\"https:\/\/twitter.com\/Reem0666666\/status\/1530356901229232128?ref_src=twsrc%5Etfw\" target=\"_blank\" rel=\"noopener\">May 28, 2022<\/a><\/p><\/blockquote>\n<p> <script async src=\"https:\/\/platform.twitter.com\/widgets.js\" charset=\"utf-8\"><\/script><\/p>\n<blockquote class=\"twitter-tweet\">\n<p lang=\"en\" dir=\"ltr\">Oooooh so THIS is why Finn Balor wasn\u2019t on <a href=\"https:\/\/twitter.com\/hashtag\/WWERAW?src=hash&amp;ref_src=twsrc%5Etfw\" target=\"_blank\" rel=\"noopener\">#WWERAW<\/a> this past week . He\u2019s attending Charlotte and Andrade\u2019s wedding  <a href=\"https:\/\/t.co\/95lzXUn6wG\">pic.twitter.com\/95lzXUn6wG<\/a><\/p>\n<p>&mdash; &#x2728; &#x2728; (@x_rob_) <a href=\"https:\/\/twitter.com\/x_rob_\/status\/1530215125608693760?ref_src=twsrc%5Etfw\" target=\"_blank\" rel=\"noopener\">May 27, 2022<\/a><\/p><\/blockquote>\n<p> <script async src=\"https:\/\/platform.twitter.com\/widgets.js\" charset=\"utf-8\"><\/script><\/p>\n<blockquote class=\"twitter-tweet\">\n<p lang=\"und\" dir=\"ltr\">&#x1f30f;&#x1f30e;&#x1f30d; <a href=\"https:\/\/t.co\/WsX4IbqnhF\">pic.twitter.com\/WsX4IbqnhF<\/a><\/p>\n<p>&mdash; \u201cEL IDOLO\u201d ANDRADE (@AndradeElIdolo) <a href=\"https:\/\/twitter.com\/AndradeElIdolo\/status\/1530250459398606851?ref_src=twsrc%5Etfw\" target=\"_blank\" rel=\"noopener\">May 27, 2022<\/a><\/p><\/blockquote>\n<p> <script async src=\"https:\/\/platform.twitter.com\/widgets.js\" charset=\"utf-8\"><\/script><\/p>\n<blockquote class=\"twitter-tweet\">\n<p lang=\"en\" dir=\"ltr\">aww congrats to charlotte and andrade on getting married! &#x2764;&#xfe0f; <a href=\"https:\/\/t.co\/uoq8Rgoryw\">pic.twitter.com\/uoq8Rgoryw<\/a><\/p>\n<p>&mdash; sindi!&#x26c8;| sad mavs fan (@sashasprescott) <a href=\"https:\/\/twitter.com\/sashasprescott\/status\/1530348514919817222?ref_src=twsrc%5Etfw\" target=\"_blank\" rel=\"noopener\">May 28, 2022<\/a><\/p><\/blockquote>\n<p> <script async src=\"https:\/\/platform.twitter.com\/widgets.js\" charset=\"utf-8\"><\/script><br \/>\nPosteriormente el propio Ric Flair quiso felicitar a su hija por redes sociales y le dedic\u00f3 un bonito mensaje.<\/p>\n<figure class=\"wp-block-embed is-type-rich is-provider-twitter wp-block-embed-twitter\"><\/figure>\n<blockquote class=\"wp-block-quote\"><p>\u00a1Felicitaciones a mi hermosa hija Charlotte Flair y a Andrade El \u00cddolo! \u00a1Te deseo nada m\u00e1s que amor y felicidad!<\/p><\/blockquote>\n<p>&nbsp;<\/p>\n","protected":false},"excerpt":{"rendered":"<p>Andrade El \u00cddolo y Charlotte Flair se casaron el viernes, 27 de mayo.<\/p>\n","protected":false},"author":1,"featured_media":171222,"comment_status":"closed","ping_status":"closed","sticky":false,"template":"","format":"standard","meta":{"footnotes":""},"categories":[5,38],"tags":[],"class_list":{"0":"post-171221","1":"post","2":"type-post","3":"status-publish","4":"format-standard","5":"has-post-thumbnail","7":"category-noticias","8":"category-noticias-y-rumores-de-la-wwe"},"_links":{"self":[{"href":"https:\/\/www.prwrestling.com\/nw\/wp-json\/wp\/v2\/posts\/171221","targetHints":{"allow":["GET"]}}],"collection":[{"href":"https:\/\/www.prwrestling.com\/nw\/wp-json\/wp\/v2\/posts"}],"about":[{"href":"https:\/\/www.prwrestling.com\/nw\/wp-json\/wp\/v2\/types\/post"}],"author":[{"embeddable":true,"href":"https:\/\/www.prwrestling.com\/nw\/wp-json\/wp\/v2\/users\/1"}],"replies":[{"embeddable":true,"href":"https:\/\/www.prwrestling.com\/nw\/wp-json\/wp\/v2\/comments?post=171221"}],"version-history":[{"count":4,"href":"https:\/\/www.prwrestling.com\/nw\/wp-json\/wp\/v2\/posts\/171221\/revisions"}],"predecessor-version":[{"id":171240,"href":"https:\/\/www.prwrestling.com\/nw\/wp-json\/wp\/v2\/posts\/171221\/revisions\/171240"}],"wp:featuredmedia":[{"embeddable":true,"href":"https:\/\/www.prwrestling.com\/nw\/wp-json\/wp\/v2\/media\/171222"}],"wp:attachment":[{"href":"https:\/\/www.prwrestling.com\/nw\/wp-json\/wp\/v2\/media?parent=171221"}],"wp:term":[{"taxonomy":"category","embeddable":true,"href":"https:\/\/www.prwrestling.com\/nw\/wp-json\/wp\/v2\/categories?post=171221"},{"taxonomy":"post_tag","embeddable":true,"href":"https:\/\/www.prwrestling.com\/nw\/wp-json\/wp\/v2\/tags?post=171221"}],"curies":[{"name":"wp","href":"https:\/\/api.w.org\/{rel}","templated":true}]}}