{"id":17611,"date":"2018-03-02T10:47:30","date_gmt":"2018-03-02T15:47:30","guid":{"rendered":"http:\/\/www.prwrestling.com\/nw\/?p=17611"},"modified":"2018-03-02T10:48:12","modified_gmt":"2018-03-02T15:48:12","slug":"mysterio-fuera-de-espectaculo-en-el-fin-de-semana-de-wm-video-de-rap-de-ric-flair","status":"publish","type":"post","link":"https:\/\/www.prwrestling.com\/nw\/mysterio-fuera-de-espectaculo-en-el-fin-de-semana-de-wm-video-de-rap-de-ric-flair\/","title":{"rendered":"Mysterio fuera de espect\u00e1culo en el fin de semana de WM; Video de rap de Ric Flair"},"content":{"rendered":"<p><a href=\"http:\/\/www.prwrestling.com\/nw\/wp-content\/uploads\/2015\/06\/Rey-Mysterio3.jpg\"><img loading=\"lazy\" decoding=\"async\" class=\"alignnone size-full wp-image-4211\" src=\"http:\/\/www.prwrestling.com\/nw\/wp-content\/uploads\/2015\/06\/Rey-Mysterio3.jpg\" alt=\"\" width=\"500\" height=\"322\" \/><\/a><\/p>\n<p><em>Rey Mysterio ya no se anuncia para el evento CRASH en Wrestlecon, que tendr\u00e1 lugar el 6 de abril durante el fin de semana de Wrestlemania.<\/em><!--more--> <script async src=\"\/\/pagead2.googlesyndication.com\/pagead\/js\/adsbygoogle.js\"><\/script><br \/>\n<!-- 300 x 200 - rpeortajes --><br \/>\n<ins class=\"adsbygoogle\" style=\"display: inline-block; width: 300px; height: 250px;\" data-ad-client=\"ca-pub-4432518938189770\" data-ad-slot=\"8848533845\"><\/ins><br \/>\n<script>\n(adsbygoogle = window.adsbygoogle || []).push({});\n<\/script> Esto ha alimentado la especulaci\u00f3n de que Mysterio formar\u00e1 parte de Wrestlemania. Mysterio todav\u00eda se anuncia para el evento CRASH el 17 de marzo y el evento de NJPW en Long Beach el 25 de marzo.<\/p>\n<blockquote class=\"twitter-tweet\" data-lang=\"en\">\n<p dir=\"ltr\" lang=\"es\">&#8220;PROGRAMA COMPLETO WRESTLECON&#8221;<br \/>\nLes compartimos el cartel completo con las luchas que se estar\u00e1n presentado este pr\u00f3ximo 06 de Abril, en el <a href=\"https:\/\/twitter.com\/wrestlecon?ref_src=twsrc%5Etfw\" target=\"_blank\" rel=\"noopener\">@wrestlecon<\/a>.<a href=\"https:\/\/twitter.com\/hashtag\/WrestleCon?src=hash&amp;ref_src=twsrc%5Etfw\" target=\"_blank\" rel=\"noopener\">#WrestleCon<\/a><a href=\"https:\/\/twitter.com\/hashtag\/TheCrashLuchaLibre?src=hash&amp;ref_src=twsrc%5Etfw\" target=\"_blank\" rel=\"noopener\">#TheCrashLuchaLibre<\/a> <a href=\"https:\/\/t.co\/2Ypy19gdwY\">pic.twitter.com\/2Ypy19gdwY<\/a><\/p>\n<p>\u2014 The Crash LuchaLibre (@TheCrashLuchas) <a href=\"https:\/\/twitter.com\/TheCrashLuchas\/status\/969326269903982592?ref_src=twsrc%5Etfw\" target=\"_blank\" rel=\"noopener\">March 1, 2018<\/a><\/p><\/blockquote>\n<p><script async src=\"https:\/\/platform.twitter.com\/widgets.js\" charset=\"utf-8\"><\/script> <script async src=\"\/\/pagead2.googlesyndication.com\/pagead\/js\/adsbygoogle.js\"><\/script><br \/>\n<!-- 300 x 200 - rpeortajes --><br \/>\n<ins class=\"adsbygoogle\" style=\"display: inline-block; width: 300px; height: 250px;\" data-ad-client=\"ca-pub-4432518938189770\" data-ad-slot=\"8848533845\"><\/ins><br \/>\n<script>\n(adsbygoogle = window.adsbygoogle || []).push({});\n<\/script> Ric Flair apareci\u00f3 en un nuevo video de rap para una canci\u00f3n inspirada en \u00e9l que se titula &#8220;Ric Flair Drip&#8221;.<\/p>\n<p><iframe loading=\"lazy\" src=\"https:\/\/www.youtube.com\/embed\/LPTlvQ1Zet0\" width=\"560\" height=\"315\" frameborder=\"0\" allowfullscreen=\"allowfullscreen\"><\/iframe> <script async src=\"\/\/pagead2.googlesyndication.com\/pagead\/js\/adsbygoogle.js\"><\/script><br \/>\n<!-- 300 x 200 - rpeortajes --><br \/>\n<ins class=\"adsbygoogle\" style=\"display: inline-block; width: 300px; height: 250px;\" data-ad-client=\"ca-pub-4432518938189770\" data-ad-slot=\"8848533845\"><\/ins><br \/>\n<script>\n(adsbygoogle = window.adsbygoogle || []).push({});\n<\/script><\/p>\n","protected":false},"excerpt":{"rendered":"<p>Rey Mysterio ya no se anuncia para el evento CRASH en Wrestlecon, que tendr\u00e1 lugar el 6 de abril durante el fin de semana de Wrestlemania.<\/p>\n","protected":false},"author":1,"featured_media":11590,"comment_status":"closed","ping_status":"closed","sticky":false,"template":"","format":"standard","meta":{"footnotes":""},"categories":[5],"tags":[],"class_list":{"0":"post-17611","1":"post","2":"type-post","3":"status-publish","4":"format-standard","5":"has-post-thumbnail","7":"category-noticias"},"_links":{"self":[{"href":"https:\/\/www.prwrestling.com\/nw\/wp-json\/wp\/v2\/posts\/17611","targetHints":{"allow":["GET"]}}],"collection":[{"href":"https:\/\/www.prwrestling.com\/nw\/wp-json\/wp\/v2\/posts"}],"about":[{"href":"https:\/\/www.prwrestling.com\/nw\/wp-json\/wp\/v2\/types\/post"}],"author":[{"embeddable":true,"href":"https:\/\/www.prwrestling.com\/nw\/wp-json\/wp\/v2\/users\/1"}],"replies":[{"embeddable":true,"href":"https:\/\/www.prwrestling.com\/nw\/wp-json\/wp\/v2\/comments?post=17611"}],"version-history":[{"count":2,"href":"https:\/\/www.prwrestling.com\/nw\/wp-json\/wp\/v2\/posts\/17611\/revisions"}],"predecessor-version":[{"id":17614,"href":"https:\/\/www.prwrestling.com\/nw\/wp-json\/wp\/v2\/posts\/17611\/revisions\/17614"}],"wp:featuredmedia":[{"embeddable":true,"href":"https:\/\/www.prwrestling.com\/nw\/wp-json\/wp\/v2\/media\/11590"}],"wp:attachment":[{"href":"https:\/\/www.prwrestling.com\/nw\/wp-json\/wp\/v2\/media?parent=17611"}],"wp:term":[{"taxonomy":"category","embeddable":true,"href":"https:\/\/www.prwrestling.com\/nw\/wp-json\/wp\/v2\/categories?post=17611"},{"taxonomy":"post_tag","embeddable":true,"href":"https:\/\/www.prwrestling.com\/nw\/wp-json\/wp\/v2\/tags?post=17611"}],"curies":[{"name":"wp","href":"https:\/\/api.w.org\/{rel}","templated":true}]}}