{"id":176478,"date":"2022-06-10T08:02:27","date_gmt":"2022-06-10T12:02:27","guid":{"rendered":"https:\/\/www.prwrestling.com\/nw\/?p=176478"},"modified":"2022-06-10T08:02:27","modified_gmt":"2022-06-10T12:02:27","slug":"reporte-jericho-y-mvp-tienen-confrontacion-en-hotel","status":"publish","type":"post","link":"https:\/\/www.prwrestling.com\/nw\/reporte-jericho-y-mvp-tienen-confrontacion-en-hotel\/","title":{"rendered":"Reporte: Jericho y MVP tienen confrontaci\u00f3n en hotel"},"content":{"rendered":"<p>Parece que la ri\u00f1a de AEW con WWE se ha extendido algunos de sus talentos.<!--more--><div id=\"ad-slot\" style=\"min-width: 300px; min-height: 250px;\">\r\n<p style=\"text-align: center;\">\r\n<!-- Site name: prwrestling.com\r\nZone name: prwrestling.com_banner_300x250\r\nZone id: 2109741734\r\nType: banner\r\nFormat: 300x250\r\n --> \r\n\r\n<!-- Copy and paste this code on the page. -->\r\n<div id='zone_2109741734' ><\/div>\r\n<script>\r\n    (function(w,d,o,g,r,a,m){\r\n        var cid='zone_2109741734';\r\n        w[r]=w[r]||function(){(w[r+'l']=w[r+'l']||[]).push(arguments)};\r\n        function e(b,w,r){if((w[r+'h']=b.pop())&&!w.ABN){\r\n            var a=d.createElement(o),p=d.getElementsByTagName(o)[0];a.async=1;\r\n            a.src='https:\/\/cdn.'+w[r+'h']+'\/libs\/e.js';a.onerror=function(){e(g,w,r)};\r\n            p.parentNode.insertBefore(a,p)}}e(g,w,r);\r\n        w[r](cid,{id:2109741734,domain:w[r+'h']});\r\n    })(window,document,'script',['traffmovie.com'],'ABNS');\r\n<\/script>\r\n\r\n<!--\r\nWhen setting the zone code, make sure:\r\n  - you have provided all domains from which the area code will be called\r\n  - the site does not limit the loading in the Content Security Policy\r\n  - the area code is installed in the ad space inside the page\r\n  - site layout allows you to display the banner on mobile devices in full size\r\nUse data-cp1={customParam1} data-cp2={customParam2}... attributes for sending custom params\r\n-->\r\n<\/p><\/div><br \/>\nAEW Dynamite estuvo en Houston el 18 de mayo. Despu\u00e9s del espect\u00e1culo, algunos luchadores estaban pasando el rato en el hotel. Chris Jericho estaba charlando con Matt Hardy cuando apareci\u00f3 MVP. Las cosas luego casi se salieron de control.<\/p>\n<p>En el \u00faltimo bolet\u00edn del Wrestling Observer, Dave Meltzer habl\u00f3 sobre el conflicto. Hace un a\u00f1o y medio, Jericho y MVP tuvieron una especie de pelea y se reencontraron recientemente para otro &#8216;asalto&#8217;.<\/p>\n<p>\u201cDespu\u00e9s del show del 18 de mayo en Houston, hubo una confrontaci\u00f3n en el hotel en el que se alojaban los luchadores entre Chris Jericho y MVP alrededor de la 1 a. m. despu\u00e9s de las grabaciones de Dynamite. Algo que no me queda claro sucedi\u00f3 hace 18 meses donde tuvieron una pelea. Jericho estaba hablando con Matt Hardy y apareci\u00f3 MVP.<br \/>\n<div id=\"ad-slot\" style=\"min-width: 300px; min-height: 250px;\"><p style=\"text-align: center;\">\r\n<script async src=\"https:\/\/pagead2.googlesyndication.com\/pagead\/js\/adsbygoogle.js\"><\/script>\r\n<!-- Responsive sc c -->\r\n<ins class=\"adsbygoogle\"\r\n     style=\"display:block\"\r\n     data-ad-client=\"ca-pub-1244235910658811\"\r\n     data-ad-slot=\"4234005358\"\r\n     data-ad-format=\"auto\"\r\n     data-full-width-responsive=\"true\"><\/ins>\r\n<script>\r\n     (adsbygoogle = window.adsbygoogle || []).push({});\r\n<\/script><\/p><\/div><br \/>\n&#8220;La mayor\u00eda de la gente no sab\u00eda lo que estaba pasando y pens\u00f3 que estaba bromeando hasta que qued\u00f3 claro que no estaba bromeando. No pas\u00f3 nada malo a pesar de que era una situaci\u00f3n tensa.<\/p>\n<p>&#8220;Jericho al final le dijo que no pelea contra &#8216;jobbers&#8217; cuando subi\u00f3 al ascensor y MVP gritaba al respecto en el vest\u00edbulo\u201d.<\/p>\n","protected":false},"excerpt":{"rendered":"<p>Parece que la ri\u00f1a de AEW con WWE se ha extendido algunos de sus talentos.<\/p>\n","protected":false},"author":1,"featured_media":176479,"comment_status":"closed","ping_status":"closed","sticky":false,"template":"","format":"standard","meta":{"footnotes":""},"categories":[5,38],"tags":[],"class_list":["post-176478","post","type-post","status-publish","format-standard","has-post-thumbnail","category-noticias","category-noticias-y-rumores-de-la-wwe"],"_links":{"self":[{"href":"https:\/\/www.prwrestling.com\/nw\/wp-json\/wp\/v2\/posts\/176478","targetHints":{"allow":["GET"]}}],"collection":[{"href":"https:\/\/www.prwrestling.com\/nw\/wp-json\/wp\/v2\/posts"}],"about":[{"href":"https:\/\/www.prwrestling.com\/nw\/wp-json\/wp\/v2\/types\/post"}],"author":[{"embeddable":true,"href":"https:\/\/www.prwrestling.com\/nw\/wp-json\/wp\/v2\/users\/1"}],"replies":[{"embeddable":true,"href":"https:\/\/www.prwrestling.com\/nw\/wp-json\/wp\/v2\/comments?post=176478"}],"version-history":[{"count":1,"href":"https:\/\/www.prwrestling.com\/nw\/wp-json\/wp\/v2\/posts\/176478\/revisions"}],"predecessor-version":[{"id":176480,"href":"https:\/\/www.prwrestling.com\/nw\/wp-json\/wp\/v2\/posts\/176478\/revisions\/176480"}],"wp:featuredmedia":[{"embeddable":true,"href":"https:\/\/www.prwrestling.com\/nw\/wp-json\/wp\/v2\/media\/176479"}],"wp:attachment":[{"href":"https:\/\/www.prwrestling.com\/nw\/wp-json\/wp\/v2\/media?parent=176478"}],"wp:term":[{"taxonomy":"category","embeddable":true,"href":"https:\/\/www.prwrestling.com\/nw\/wp-json\/wp\/v2\/categories?post=176478"},{"taxonomy":"post_tag","embeddable":true,"href":"https:\/\/www.prwrestling.com\/nw\/wp-json\/wp\/v2\/tags?post=176478"}],"curies":[{"name":"wp","href":"https:\/\/api.w.org\/{rel}","templated":true}]}}