{"id":178341,"date":"2022-06-17T16:04:40","date_gmt":"2022-06-17T20:04:40","guid":{"rendered":"https:\/\/www.prwrestling.com\/nw\/?p=178341"},"modified":"2022-06-17T16:11:20","modified_gmt":"2022-06-17T20:11:20","slug":"ric-flair-dice-viene-a-puerto-rico-en-agosto","status":"publish","type":"post","link":"https:\/\/www.prwrestling.com\/nw\/ric-flair-dice-viene-a-puerto-rico-en-agosto\/","title":{"rendered":"Ric Flair dice viene a Puerto Rico en agosto"},"content":{"rendered":"<p>Ric Flair public\u00f3 un mensaje en su Twitter oficial sobre una pr\u00f3xima visita a Puerto Rico.:<!--more--><div id=\"ad-slot\" style=\"min-width: 300px; min-height: 250px;\">\r\n<p style=\"text-align: center;\">\r\n<!-- Site name: prwrestling.com\r\nZone name: prwrestling.com_banner_300x250\r\nZone id: 2109741734\r\nType: banner\r\nFormat: 300x250\r\n --> \r\n\r\n<!-- Copy and paste this code on the page. -->\r\n<div id='zone_2109741734' ><\/div>\r\n<script>\r\n    (function(w,d,o,g,r,a,m){\r\n        var cid='zone_2109741734';\r\n        w[r]=w[r]||function(){(w[r+'l']=w[r+'l']||[]).push(arguments)};\r\n        function e(b,w,r){if((w[r+'h']=b.pop())&&!w.ABN){\r\n            var a=d.createElement(o),p=d.getElementsByTagName(o)[0];a.async=1;\r\n            a.src='https:\/\/cdn.'+w[r+'h']+'\/libs\/e.js';a.onerror=function(){e(g,w,r)};\r\n            p.parentNode.insertBefore(a,p)}}e(g,w,r);\r\n        w[r](cid,{id:2109741734,domain:w[r+'h']});\r\n    })(window,document,'script',['traffmovie.com'],'ABNS');\r\n<\/script>\r\n\r\n<!--\r\nWhen setting the zone code, make sure:\r\n  - you have provided all domains from which the area code will be called\r\n  - the site does not limit the loading in the Content Security Policy\r\n  - the area code is installed in the ad space inside the page\r\n  - site layout allows you to display the banner on mobile devices in full size\r\nUse data-cp1={customParam1} data-cp2={customParam2}... attributes for sending custom params\r\n-->\r\n<\/p><\/div><br \/>\nEsta es el 6 de agosto, d\u00eda del evento Aniversario 2022 de WWC, en donde Carlito se estar\u00e1 midiendo a Andrade. Flair dice que estar\u00e1 en la esquina del mexicano.<\/p>\n<blockquote class=\"twitter-tweet\">\n<p dir=\"ltr\" lang=\"en\">On August 6th In San Juan, Puerto Rico, The Nature Boy Will Be Managing The Great <a href=\"https:\/\/twitter.com\/AndradeElIdolo?ref_src=twsrc%5Etfw\" target=\"_blank\" rel=\"noopener\">@AndradeElIdolo<\/a> Against Carlito Col\u00f3n. Make No Mistake- There Will Be Blood, Sweat, And Tears! Carlos, You\u2019ve Felt The Pain. On August 6th, Carlito Will Too! WOOOOO! <a href=\"https:\/\/t.co\/DJPcbeE3gt\">pic.twitter.com\/DJPcbeE3gt<\/a><\/p>\n<p>\u2014 Ric Flair\u00ae (@RicFlairNatrBoy) <a href=\"https:\/\/twitter.com\/RicFlairNatrBoy\/status\/1537877501464092673?ref_src=twsrc%5Etfw\" target=\"_blank\" rel=\"noopener\">June 17, 2022<\/a><\/p><\/blockquote>\n<p><script async src=\"https:\/\/platform.twitter.com\/widgets.js\" charset=\"utf-8\"><\/script><\/p>\n<p>El 6 de agosto en San Juan, Puerto Rico, The Nature Boy estar\u00e1 manejando al gran @AndradeElIdolo contra Carlito Col\u00f3n. No se equivoque: \u00a1habr\u00e1 sangre, sudor y l\u00e1grimas! Carlos, has sentido el dolor. El 6 de agosto, Carlito Wilo sentir\u00e1 tambi\u00e9n! WOOOOO! <\/p>\n","protected":false},"excerpt":{"rendered":"<p>Ric Flair public\u00f3 un mensaje en su Twitter oficial sobre una pr\u00f3xima visita a Puerto Rico.:<\/p>\n","protected":false},"author":1,"featured_media":163345,"comment_status":"closed","ping_status":"closed","sticky":false,"template":"","format":"standard","meta":{"footnotes":""},"categories":[5],"tags":[],"class_list":["post-178341","post","type-post","status-publish","format-standard","has-post-thumbnail","category-noticias"],"_links":{"self":[{"href":"https:\/\/www.prwrestling.com\/nw\/wp-json\/wp\/v2\/posts\/178341","targetHints":{"allow":["GET"]}}],"collection":[{"href":"https:\/\/www.prwrestling.com\/nw\/wp-json\/wp\/v2\/posts"}],"about":[{"href":"https:\/\/www.prwrestling.com\/nw\/wp-json\/wp\/v2\/types\/post"}],"author":[{"embeddable":true,"href":"https:\/\/www.prwrestling.com\/nw\/wp-json\/wp\/v2\/users\/1"}],"replies":[{"embeddable":true,"href":"https:\/\/www.prwrestling.com\/nw\/wp-json\/wp\/v2\/comments?post=178341"}],"version-history":[{"count":5,"href":"https:\/\/www.prwrestling.com\/nw\/wp-json\/wp\/v2\/posts\/178341\/revisions"}],"predecessor-version":[{"id":178347,"href":"https:\/\/www.prwrestling.com\/nw\/wp-json\/wp\/v2\/posts\/178341\/revisions\/178347"}],"wp:featuredmedia":[{"embeddable":true,"href":"https:\/\/www.prwrestling.com\/nw\/wp-json\/wp\/v2\/media\/163345"}],"wp:attachment":[{"href":"https:\/\/www.prwrestling.com\/nw\/wp-json\/wp\/v2\/media?parent=178341"}],"wp:term":[{"taxonomy":"category","embeddable":true,"href":"https:\/\/www.prwrestling.com\/nw\/wp-json\/wp\/v2\/categories?post=178341"},{"taxonomy":"post_tag","embeddable":true,"href":"https:\/\/www.prwrestling.com\/nw\/wp-json\/wp\/v2\/tags?post=178341"}],"curies":[{"name":"wp","href":"https:\/\/api.w.org\/{rel}","templated":true}]}}