{"id":179186,"date":"2022-06-20T21:12:09","date_gmt":"2022-06-21T01:12:09","guid":{"rendered":"https:\/\/www.prwrestling.com\/nw\/?p=179186"},"modified":"2022-06-20T21:14:29","modified_gmt":"2022-06-21T01:14:29","slug":"vince-aparece-en-raw-con-mensaje-a-los-fans","status":"publish","type":"post","link":"https:\/\/www.prwrestling.com\/nw\/vince-aparece-en-raw-con-mensaje-a-los-fans\/","title":{"rendered":"Vince aparece en Raw con mensaje a los fans"},"content":{"rendered":"<p>Vince McMahon est\u00e1 envuelto en un esc\u00e1ndalo el cual lo oblig\u00f3 a dejar de manera temporera su posici\u00f3n como CEO de la WWE. <!--more--><div id=\"ad-slot\" style=\"min-width: 300px; min-height: 250px;\">\r\n<p style=\"text-align: center;\">\r\n<!-- Site name: prwrestling.com\r\nZone name: prwrestling.com_banner_300x250\r\nZone id: 2109741734\r\nType: banner\r\nFormat: 300x250\r\n --> \r\n\r\n<!-- Copy and paste this code on the page. -->\r\n<div id='zone_2109741734' ><\/div>\r\n<script>\r\n    (function(w,d,o,g,r,a,m){\r\n        var cid='zone_2109741734';\r\n        w[r]=w[r]||function(){(w[r+'l']=w[r+'l']||[]).push(arguments)};\r\n        function e(b,w,r){if((w[r+'h']=b.pop())&&!w.ABN){\r\n            var a=d.createElement(o),p=d.getElementsByTagName(o)[0];a.async=1;\r\n            a.src='https:\/\/cdn.'+w[r+'h']+'\/libs\/e.js';a.onerror=function(){e(g,w,r)};\r\n            p.parentNode.insertBefore(a,p)}}e(g,w,r);\r\n        w[r](cid,{id:2109741734,domain:w[r+'h']});\r\n    })(window,document,'script',['traffmovie.com'],'ABNS');\r\n<\/script>\r\n\r\n<!--\r\nWhen setting the zone code, make sure:\r\n  - you have provided all domains from which the area code will be called\r\n  - the site does not limit the loading in the Content Security Policy\r\n  - the area code is installed in the ad space inside the page\r\n  - site layout allows you to display the banner on mobile devices in full size\r\nUse data-cp1={customParam1} data-cp2={customParam2}... attributes for sending custom params\r\n-->\r\n<\/p><\/div><br \/>\nVince luego tuvo una aparici\u00f3n muy extra\u00f1a en SmackDown, y la sigui\u00f3 con otra igualmente extra\u00f1a hoy en RAW.<\/p>\n<p>En el programa, McMahon sali\u00f3 al ring, tom\u00f3 el micr\u00f3fono y promocion\u00f3 cu\u00e1ntos episodios de RAW han producido y habl\u00f3 sobre c\u00f3mo la pr\u00f3xima semana ver\u00e1n un gran regreso, John Cena. Este torn\u00f3 ser un segmento de menos de un minuto de duraci\u00f3n.<\/p>\n<p>Cena regresar\u00e1 a la WWE la pr\u00f3xima semana para el RAW en Laredo, Texas seg\u00fan anunciado desde hace muchas semanas. A\u00fan as\u00ed, Vince McMahon consider\u00f3 necesario recordarles a todos sobre esa aparici\u00f3n esta semana.<br \/>\n<div id=\"ad-slot\" style=\"min-width: 300px; min-height: 250px;\"><p style=\"text-align: center;\">\r\n<script async src=\"https:\/\/pagead2.googlesyndication.com\/pagead\/js\/adsbygoogle.js\"><\/script>\r\n<!-- Responsive sc c -->\r\n<ins class=\"adsbygoogle\"\r\n     style=\"display:block\"\r\n     data-ad-client=\"ca-pub-1244235910658811\"\r\n     data-ad-slot=\"4234005358\"\r\n     data-ad-format=\"auto\"\r\n     data-full-width-responsive=\"true\"><\/ins>\r\n<script>\r\n     (adsbygoogle = window.adsbygoogle || []).push({});\r\n<\/script><\/p><\/div><br \/>\nTal parece que a pesar de abandonar sus roles corporativos, Vince est\u00e1 decidido en mantener su presencia dentro de la programaci\u00f3n de la WWE sin importar lo que muchos piensen.<\/p>\n<p>Aqui el video:<\/p>\n<blockquote class=\"twitter-tweet\">\n<p lang=\"en\" dir=\"ltr\">Vince McMahon came out on <a href=\"https:\/\/twitter.com\/hashtag\/WWERaw?src=hash&amp;ref_src=twsrc%5Etfw\" target=\"_blank\" rel=\"noopener\">#WWERaw<\/a> just to tell us that John Cena will be on the show next week. <a href=\"https:\/\/t.co\/7DfgsYPAwL\">pic.twitter.com\/7DfgsYPAwL<\/a><\/p>\n<p>&mdash; Tim Jarrell of PWUnlimited (@TimmyBuddy) <a href=\"https:\/\/twitter.com\/TimmyBuddy\/status\/1539045567476535296?ref_src=twsrc%5Etfw\" target=\"_blank\" rel=\"noopener\">June 21, 2022<\/a><\/p><\/blockquote>\n<p> <script async src=\"https:\/\/platform.twitter.com\/widgets.js\" charset=\"utf-8\"><\/script><\/p>\n","protected":false},"excerpt":{"rendered":"<p>Vince McMahon est\u00e1 envuelto en un esc\u00e1ndalo el cual lo oblig\u00f3 a dejar de manera temporera su posici\u00f3n como CEO de la WWE.<\/p>\n","protected":false},"author":1,"featured_media":179187,"comment_status":"closed","ping_status":"closed","sticky":false,"template":"","format":"standard","meta":{"footnotes":""},"categories":[5,38],"tags":[],"class_list":["post-179186","post","type-post","status-publish","format-standard","has-post-thumbnail","category-noticias","category-noticias-y-rumores-de-la-wwe"],"_links":{"self":[{"href":"https:\/\/www.prwrestling.com\/nw\/wp-json\/wp\/v2\/posts\/179186","targetHints":{"allow":["GET"]}}],"collection":[{"href":"https:\/\/www.prwrestling.com\/nw\/wp-json\/wp\/v2\/posts"}],"about":[{"href":"https:\/\/www.prwrestling.com\/nw\/wp-json\/wp\/v2\/types\/post"}],"author":[{"embeddable":true,"href":"https:\/\/www.prwrestling.com\/nw\/wp-json\/wp\/v2\/users\/1"}],"replies":[{"embeddable":true,"href":"https:\/\/www.prwrestling.com\/nw\/wp-json\/wp\/v2\/comments?post=179186"}],"version-history":[{"count":3,"href":"https:\/\/www.prwrestling.com\/nw\/wp-json\/wp\/v2\/posts\/179186\/revisions"}],"predecessor-version":[{"id":179191,"href":"https:\/\/www.prwrestling.com\/nw\/wp-json\/wp\/v2\/posts\/179186\/revisions\/179191"}],"wp:featuredmedia":[{"embeddable":true,"href":"https:\/\/www.prwrestling.com\/nw\/wp-json\/wp\/v2\/media\/179187"}],"wp:attachment":[{"href":"https:\/\/www.prwrestling.com\/nw\/wp-json\/wp\/v2\/media?parent=179186"}],"wp:term":[{"taxonomy":"category","embeddable":true,"href":"https:\/\/www.prwrestling.com\/nw\/wp-json\/wp\/v2\/categories?post=179186"},{"taxonomy":"post_tag","embeddable":true,"href":"https:\/\/www.prwrestling.com\/nw\/wp-json\/wp\/v2\/tags?post=179186"}],"curies":[{"name":"wp","href":"https:\/\/api.w.org\/{rel}","templated":true}]}}