{"id":182915,"date":"2022-07-21T07:45:03","date_gmt":"2022-07-21T11:45:03","guid":{"rendered":"https:\/\/www.prwrestling.com\/nw\/?p=182915"},"modified":"2022-07-21T07:45:03","modified_gmt":"2022-07-21T11:45:03","slug":"goldberg-no-cierra-la-puerta-a-lucha-ante-riddle","status":"publish","type":"post","link":"https:\/\/www.prwrestling.com\/nw\/goldberg-no-cierra-la-puerta-a-lucha-ante-riddle\/","title":{"rendered":"Goldberg no cierra la puerta a lucha ante Riddle"},"content":{"rendered":"<p>El miembro del Sal\u00f3n de la Fama de la WWE, Goldberg, no ha competido dentro de un ring de la WWE desde que fue derrotado por Roman Reigns en la C\u00e1mara de Eliminaci\u00f3n de la WWE a principios de este a\u00f1o.<!--more--><div id=\"ad-slot\" style=\"min-width: 300px; min-height: 250px;\">\r\n<p style=\"text-align: center;\">\r\n<!-- Site name: prwrestling.com\r\nZone name: prwrestling.com_banner_300x250\r\nZone id: 2109741734\r\nType: banner\r\nFormat: 300x250\r\n --> \r\n\r\n<!-- Copy and paste this code on the page. -->\r\n<div id='zone_2109741734' ><\/div>\r\n<script>\r\n    (function(w,d,o,g,r,a,m){\r\n        var cid='zone_2109741734';\r\n        w[r]=w[r]||function(){(w[r+'l']=w[r+'l']||[]).push(arguments)};\r\n        function e(b,w,r){if((w[r+'h']=b.pop())&&!w.ABN){\r\n            var a=d.createElement(o),p=d.getElementsByTagName(o)[0];a.async=1;\r\n            a.src='https:\/\/cdn.'+w[r+'h']+'\/libs\/e.js';a.onerror=function(){e(g,w,r)};\r\n            p.parentNode.insertBefore(a,p)}}e(g,w,r);\r\n        w[r](cid,{id:2109741734,domain:w[r+'h']});\r\n    })(window,document,'script',['traffmovie.com'],'ABNS');\r\n<\/script>\r\n\r\n<!--\r\nWhen setting the zone code, make sure:\r\n  - you have provided all domains from which the area code will be called\r\n  - the site does not limit the loading in the Content Security Policy\r\n  - the area code is installed in the ad space inside the page\r\n  - site layout allows you to display the banner on mobile devices in full size\r\nUse data-cp1={customParam1} data-cp2={customParam2}... attributes for sending custom params\r\n-->\r\n<\/p><\/div><br \/>\nSin embargo el luchador admiti\u00f3 que &#8220;hay una cantidad de muchachos por ah\u00ed contra los que ser\u00eda interesante&#8221; competir.<\/p>\n<p>Goldberg habl\u00f3 con &#8220;<a href=\"https:\/\/www.youtube.com\/watch?v=Ur78lYISkAI\" target=\"_blank\" rel=\"noopener\">Bleacher Report<\/a>&#8221; sobre su futuro en el negocio, y est\u00e1 claro que tiene los ojos puestos en varios luchadores contra los que podr\u00eda trabajar si regresara al ring.<\/p>\n<p>\u201cCreo que Riddle y yo hemos tenido un pasado un poco controvertido. Me encantar\u00eda golpearlo en la cara un par de veces\u201d, dijo. \u201cPero le debo algo a Roman, seguro. Siempre me gustar\u00eda volver a tener a Brock, pero, ya sabes, oye, los mendigos no pueden elegir. Oye, si sucede, sucede, y si no, solo tengo que lidiar con eso. Los atrapar\u00e9 en la calle o algo as\u00ed.<br \/>\n<div id=\"ad-slot\" style=\"min-width: 300px; min-height: 250px;\"><p style=\"text-align: center;\">\r\n<script async src=\"https:\/\/pagead2.googlesyndication.com\/pagead\/js\/adsbygoogle.js\"><\/script>\r\n<!-- Responsive sc c -->\r\n<ins class=\"adsbygoogle\"\r\n     style=\"display:block\"\r\n     data-ad-client=\"ca-pub-1244235910658811\"\r\n     data-ad-slot=\"4234005358\"\r\n     data-ad-format=\"auto\"\r\n     data-full-width-responsive=\"true\"><\/ins>\r\n<script>\r\n     (adsbygoogle = window.adsbygoogle || []).push({});\r\n<\/script><\/p><\/div><br \/>\nGoldberg y Riddle tienen una larga historia de problemas tras bastidores, y la estrella en ascenso de la WWE critic\u00f3 al veterano muchas veces.<\/p>\n<p>Las c\u00e1maras de la WWE tambi\u00e9n los captaron teniendo una interacci\u00f3n inc\u00f3moda en backstage durante la edici\u00f3n de WWE SummerSlam 2019, pero no ha habido mucho seguimiento ante las c\u00e1maras de Raw y Smackdown.<br \/>\n<iframe loading=\"lazy\" width=\"1280\" height=\"720\" src=\"https:\/\/www.youtube.com\/embed\/Ur78lYISkAI\" title=\"Goldberg Interview: If He's Content with Retirement, Wardlow, Potential Opponents, New Doc, More\" frameborder=\"0\" allow=\"accelerometer; autoplay; clipboard-write; encrypted-media; gyroscope; picture-in-picture\" allowfullscreen><\/iframe><\/p>\n","protected":false},"excerpt":{"rendered":"<p>El miembro del Sal\u00f3n de la Fama de la WWE, Goldberg, no ha competido dentro de un ring de la WWE desde que fue derrotado por Roman Reigns en la C\u00e1mara de Eliminaci\u00f3n de la WWE a principios de este a\u00f1o.<\/p>\n","protected":false},"author":1,"featured_media":114634,"comment_status":"closed","ping_status":"closed","sticky":false,"template":"","format":"standard","meta":{"footnotes":""},"categories":[5,38],"tags":[1361,9],"class_list":["post-182915","post","type-post","status-publish","format-standard","has-post-thumbnail","category-noticias","category-noticias-y-rumores-de-la-wwe","tag-goldberg","tag-wwe"],"_links":{"self":[{"href":"https:\/\/www.prwrestling.com\/nw\/wp-json\/wp\/v2\/posts\/182915","targetHints":{"allow":["GET"]}}],"collection":[{"href":"https:\/\/www.prwrestling.com\/nw\/wp-json\/wp\/v2\/posts"}],"about":[{"href":"https:\/\/www.prwrestling.com\/nw\/wp-json\/wp\/v2\/types\/post"}],"author":[{"embeddable":true,"href":"https:\/\/www.prwrestling.com\/nw\/wp-json\/wp\/v2\/users\/1"}],"replies":[{"embeddable":true,"href":"https:\/\/www.prwrestling.com\/nw\/wp-json\/wp\/v2\/comments?post=182915"}],"version-history":[{"count":1,"href":"https:\/\/www.prwrestling.com\/nw\/wp-json\/wp\/v2\/posts\/182915\/revisions"}],"predecessor-version":[{"id":182916,"href":"https:\/\/www.prwrestling.com\/nw\/wp-json\/wp\/v2\/posts\/182915\/revisions\/182916"}],"wp:featuredmedia":[{"embeddable":true,"href":"https:\/\/www.prwrestling.com\/nw\/wp-json\/wp\/v2\/media\/114634"}],"wp:attachment":[{"href":"https:\/\/www.prwrestling.com\/nw\/wp-json\/wp\/v2\/media?parent=182915"}],"wp:term":[{"taxonomy":"category","embeddable":true,"href":"https:\/\/www.prwrestling.com\/nw\/wp-json\/wp\/v2\/categories?post=182915"},{"taxonomy":"post_tag","embeddable":true,"href":"https:\/\/www.prwrestling.com\/nw\/wp-json\/wp\/v2\/tags?post=182915"}],"curies":[{"name":"wp","href":"https:\/\/api.w.org\/{rel}","templated":true}]}}