{"id":183218,"date":"2022-08-11T18:45:30","date_gmt":"2022-08-11T22:45:30","guid":{"rendered":"https:\/\/www.prwrestling.com\/nw\/?p=183218"},"modified":"2022-08-11T18:45:30","modified_gmt":"2022-08-11T22:45:30","slug":"rvd-sobre-un-regreso-a-wwe-si-me-quisieran-alli-entonces-estaria-alli","status":"publish","type":"post","link":"https:\/\/www.prwrestling.com\/nw\/rvd-sobre-un-regreso-a-wwe-si-me-quisieran-alli-entonces-estaria-alli\/","title":{"rendered":"RVD sobre un regreso a WWE: &#8220;Si me quisieran all\u00ed, entonces estar\u00eda all\u00ed&#8221;"},"content":{"rendered":"<p>Rob Van Dam estar\u00eda en WWE si lo quisieran all\u00ed.<!--more--><div id=\"ad-slot\" style=\"min-width: 300px; min-height: 250px;\">\r\n<p style=\"text-align: center;\">\r\n<!-- Site name: prwrestling.com\r\nZone name: prwrestling.com_banner_300x250\r\nZone id: 2109741734\r\nType: banner\r\nFormat: 300x250\r\n --> \r\n\r\n<!-- Copy and paste this code on the page. -->\r\n<div id='zone_2109741734' ><\/div>\r\n<script>\r\n    (function(w,d,o,g,r,a,m){\r\n        var cid='zone_2109741734';\r\n        w[r]=w[r]||function(){(w[r+'l']=w[r+'l']||[]).push(arguments)};\r\n        function e(b,w,r){if((w[r+'h']=b.pop())&&!w.ABN){\r\n            var a=d.createElement(o),p=d.getElementsByTagName(o)[0];a.async=1;\r\n            a.src='https:\/\/cdn.'+w[r+'h']+'\/libs\/e.js';a.onerror=function(){e(g,w,r)};\r\n            p.parentNode.insertBefore(a,p)}}e(g,w,r);\r\n        w[r](cid,{id:2109741734,domain:w[r+'h']});\r\n    })(window,document,'script',['traffmovie.com'],'ABNS');\r\n<\/script>\r\n\r\n<!--\r\nWhen setting the zone code, make sure:\r\n  - you have provided all domains from which the area code will be called\r\n  - the site does not limit the loading in the Content Security Policy\r\n  - the area code is installed in the ad space inside the page\r\n  - site layout allows you to display the banner on mobile devices in full size\r\nUse data-cp1={customParam1} data-cp2={customParam2}... attributes for sending custom params\r\n-->\r\n<\/p><\/div><br \/>\nEn una entrevista con Steve Fall de NBC Sports Boston, Rob Van Dam habl\u00f3 sobre un posible regreso a la WWE.<\/p>\n<p>\u201cEso ser\u00eda incre\u00edble, s\u00ed. \u00bfSabes qu\u00e9?, siento que si me quisieran all\u00ed, entonces estar\u00eda all\u00ed. Lo har\u00edan para que quisiera estar all\u00ed. Sin tener urgencia y no sentir hambre o de cualquier manera, simplemente pase lo que pase, como RVD, siempre se siente.\u201d<\/p>\n<p>\u201cNo s\u00e9 qu\u00e9 quieren hacer, cu\u00e1l es su plan, cu\u00e1l es su agenda para todo su talento ahora. Parece que quieren m\u00e1s personas de aspecto normal con las que las personas de aspecto normal puedan relacionarse, tal vez, pero realmente ni siquiera lo s\u00e9.\u201d<br \/>\n<div id=\"ad-slot\" style=\"min-width: 300px; min-height: 250px;\"><p style=\"text-align: center;\">\r\n<script async src=\"https:\/\/pagead2.googlesyndication.com\/pagead\/js\/adsbygoogle.js\"><\/script>\r\n<!-- Responsive sc c -->\r\n<ins class=\"adsbygoogle\"\r\n     style=\"display:block\"\r\n     data-ad-client=\"ca-pub-1244235910658811\"\r\n     data-ad-slot=\"4234005358\"\r\n     data-ad-format=\"auto\"\r\n     data-full-width-responsive=\"true\"><\/ins>\r\n<script>\r\n     (adsbygoogle = window.adsbygoogle || []).push({});\r\n<\/script><\/p><\/div><br \/>\n\u201cEs lo que sea, pero estoy en los alrededores\u201d, explic\u00f3, \u201cy tengo un acuerdo de leyendas con WWE, que est\u00e1 relacionado con la mercader\u00eda. Pero no soy alguien a quien llaman mucho para aparecer en una actividad y saludar ni nada. Por cualquier raz\u00f3n. Tal vez piensan que no quiero hacerlo y no quieren molestarme,\u201d dijo.<\/p>\n","protected":false},"excerpt":{"rendered":"<p>Rob Van Dam estar\u00eda en WWE si lo quisieran all\u00ed.<\/p>\n","protected":false},"author":1,"featured_media":183220,"comment_status":"closed","ping_status":"closed","sticky":false,"template":"","format":"standard","meta":{"footnotes":""},"categories":[5,38],"tags":[],"class_list":["post-183218","post","type-post","status-publish","format-standard","has-post-thumbnail","category-noticias","category-noticias-y-rumores-de-la-wwe"],"_links":{"self":[{"href":"https:\/\/www.prwrestling.com\/nw\/wp-json\/wp\/v2\/posts\/183218","targetHints":{"allow":["GET"]}}],"collection":[{"href":"https:\/\/www.prwrestling.com\/nw\/wp-json\/wp\/v2\/posts"}],"about":[{"href":"https:\/\/www.prwrestling.com\/nw\/wp-json\/wp\/v2\/types\/post"}],"author":[{"embeddable":true,"href":"https:\/\/www.prwrestling.com\/nw\/wp-json\/wp\/v2\/users\/1"}],"replies":[{"embeddable":true,"href":"https:\/\/www.prwrestling.com\/nw\/wp-json\/wp\/v2\/comments?post=183218"}],"version-history":[{"count":1,"href":"https:\/\/www.prwrestling.com\/nw\/wp-json\/wp\/v2\/posts\/183218\/revisions"}],"predecessor-version":[{"id":183221,"href":"https:\/\/www.prwrestling.com\/nw\/wp-json\/wp\/v2\/posts\/183218\/revisions\/183221"}],"wp:featuredmedia":[{"embeddable":true,"href":"https:\/\/www.prwrestling.com\/nw\/wp-json\/wp\/v2\/media\/183220"}],"wp:attachment":[{"href":"https:\/\/www.prwrestling.com\/nw\/wp-json\/wp\/v2\/media?parent=183218"}],"wp:term":[{"taxonomy":"category","embeddable":true,"href":"https:\/\/www.prwrestling.com\/nw\/wp-json\/wp\/v2\/categories?post=183218"},{"taxonomy":"post_tag","embeddable":true,"href":"https:\/\/www.prwrestling.com\/nw\/wp-json\/wp\/v2\/tags?post=183218"}],"curies":[{"name":"wp","href":"https:\/\/api.w.org\/{rel}","templated":true}]}}