{"id":183256,"date":"2022-08-13T12:44:30","date_gmt":"2022-08-13T16:44:30","guid":{"rendered":"https:\/\/www.prwrestling.com\/nw\/?p=183256"},"modified":"2022-08-13T12:44:30","modified_gmt":"2022-08-13T16:44:30","slug":"mcintyre-removido-de-shows-de-wwe-este-fin-de-semana","status":"publish","type":"post","link":"https:\/\/www.prwrestling.com\/nw\/mcintyre-removido-de-shows-de-wwe-este-fin-de-semana\/","title":{"rendered":"McIntyre removido de shows de WWE este fin de semana"},"content":{"rendered":"<p>Un nuevo informe de Jason Powell de ProWrestling.net se\u00f1ala que McIntyre fue retirado de los eventos en vivo de la WWE de este fin de semana debido a un dolor en la espalda baja.<!--more--><div id=\"ad-slot\" style=\"min-width: 300px; min-height: 250px;\">\r\n<p style=\"text-align: center;\">\r\n<!-- Site name: prwrestling.com\r\nZone name: prwrestling.com_banner_300x250\r\nZone id: 2109741734\r\nType: banner\r\nFormat: 300x250\r\n --> \r\n\r\n<!-- Copy and paste this code on the page. -->\r\n<div id='zone_2109741734' ><\/div>\r\n<script>\r\n    (function(w,d,o,g,r,a,m){\r\n        var cid='zone_2109741734';\r\n        w[r]=w[r]||function(){(w[r+'l']=w[r+'l']||[]).push(arguments)};\r\n        function e(b,w,r){if((w[r+'h']=b.pop())&&!w.ABN){\r\n            var a=d.createElement(o),p=d.getElementsByTagName(o)[0];a.async=1;\r\n            a.src='https:\/\/cdn.'+w[r+'h']+'\/libs\/e.js';a.onerror=function(){e(g,w,r)};\r\n            p.parentNode.insertBefore(a,p)}}e(g,w,r);\r\n        w[r](cid,{id:2109741734,domain:w[r+'h']});\r\n    })(window,document,'script',['traffmovie.com'],'ABNS');\r\n<\/script>\r\n\r\n<!--\r\nWhen setting the zone code, make sure:\r\n  - you have provided all domains from which the area code will be called\r\n  - the site does not limit the loading in the Content Security Policy\r\n  - the area code is installed in the ad space inside the page\r\n  - site layout allows you to display the banner on mobile devices in full size\r\nUse data-cp1={customParam1} data-cp2={customParam2}... attributes for sending custom params\r\n-->\r\n<\/p><\/div><\/p>\n<p>Se considera que el movimiento es preventivo, y se espera que McIntyre rete al Campe\u00f3n Universal Indiscutible de la WWE Roman Reigns en WWE Clash en The Castle el s\u00e1bado 3 de septiembre en Cardiff, Gales.<\/p>\n<p>McIntyre trabaj\u00f3 \u00e1ngulos y un combate en el episodio de SmackDown de anoche, lo que indica que no se trata de una lesi\u00f3n grave o los funcionarios de la WWE lo habr\u00edan mantenido fuera del ring.<br \/>\n<div id=\"ad-slot\" style=\"min-width: 300px; min-height: 250px;\"><p style=\"text-align: center;\">\r\n<script async src=\"https:\/\/pagead2.googlesyndication.com\/pagead\/js\/adsbygoogle.js\"><\/script>\r\n<!-- Responsive sc c -->\r\n<ins class=\"adsbygoogle\"\r\n     style=\"display:block\"\r\n     data-ad-client=\"ca-pub-1244235910658811\"\r\n     data-ad-slot=\"4234005358\"\r\n     data-ad-format=\"auto\"\r\n     data-full-width-responsive=\"true\"><\/ins>\r\n<script>\r\n     (adsbygoogle = window.adsbygoogle || []).push({});\r\n<\/script><\/p><\/div><br \/>\nSi bien McIntyre ser\u00e1 retirado de los eventos en vivo de la WWE de este fin de semana como medida de precauci\u00f3n, luce que todav\u00eda est\u00e1 m\u00e9dicamente autorizado para competir debido a su participaci\u00f3n en SmackDown.<\/p>\n","protected":false},"excerpt":{"rendered":"<p>Un nuevo informe de Jason Powell de ProWrestling.net se\u00f1ala que McIntyre fue retirado de los eventos en vivo de la WWE de este fin de semana debido a un dolor en la espalda baja.<\/p>\n","protected":false},"author":1,"featured_media":176516,"comment_status":"closed","ping_status":"closed","sticky":false,"template":"","format":"standard","meta":{"footnotes":""},"categories":[5,38],"tags":[],"class_list":["post-183256","post","type-post","status-publish","format-standard","has-post-thumbnail","category-noticias","category-noticias-y-rumores-de-la-wwe"],"_links":{"self":[{"href":"https:\/\/www.prwrestling.com\/nw\/wp-json\/wp\/v2\/posts\/183256","targetHints":{"allow":["GET"]}}],"collection":[{"href":"https:\/\/www.prwrestling.com\/nw\/wp-json\/wp\/v2\/posts"}],"about":[{"href":"https:\/\/www.prwrestling.com\/nw\/wp-json\/wp\/v2\/types\/post"}],"author":[{"embeddable":true,"href":"https:\/\/www.prwrestling.com\/nw\/wp-json\/wp\/v2\/users\/1"}],"replies":[{"embeddable":true,"href":"https:\/\/www.prwrestling.com\/nw\/wp-json\/wp\/v2\/comments?post=183256"}],"version-history":[{"count":1,"href":"https:\/\/www.prwrestling.com\/nw\/wp-json\/wp\/v2\/posts\/183256\/revisions"}],"predecessor-version":[{"id":183257,"href":"https:\/\/www.prwrestling.com\/nw\/wp-json\/wp\/v2\/posts\/183256\/revisions\/183257"}],"wp:featuredmedia":[{"embeddable":true,"href":"https:\/\/www.prwrestling.com\/nw\/wp-json\/wp\/v2\/media\/176516"}],"wp:attachment":[{"href":"https:\/\/www.prwrestling.com\/nw\/wp-json\/wp\/v2\/media?parent=183256"}],"wp:term":[{"taxonomy":"category","embeddable":true,"href":"https:\/\/www.prwrestling.com\/nw\/wp-json\/wp\/v2\/categories?post=183256"},{"taxonomy":"post_tag","embeddable":true,"href":"https:\/\/www.prwrestling.com\/nw\/wp-json\/wp\/v2\/tags?post=183256"}],"curies":[{"name":"wp","href":"https:\/\/api.w.org\/{rel}","templated":true}]}}