{"id":183298,"date":"2022-08-16T21:17:26","date_gmt":"2022-08-17T01:17:26","guid":{"rendered":"https:\/\/www.prwrestling.com\/nw\/?p=183298"},"modified":"2022-08-16T21:17:26","modified_gmt":"2022-08-17T01:17:26","slug":"drew-mcintyre-comenta-sobre-el-regreso-de-karrion-kross","status":"publish","type":"post","link":"https:\/\/www.prwrestling.com\/nw\/drew-mcintyre-comenta-sobre-el-regreso-de-karrion-kross\/","title":{"rendered":"Drew McIntyre comenta sobre el regreso de Karrion Kross"},"content":{"rendered":"<p>La superestrella de la WWE Drew McIntyre apareci\u00f3 recientemente en Insight con Chris Van Vilet para discutir el regreso del ex dos veces campe\u00f3n de NXT Karrion Kross, quien atac\u00f3 al Guerrero escoc\u00e9s en SmackDown hace un par de semanas.<!--more--><div id=\"ad-slot\" style=\"min-width: 300px; min-height: 250px;\">\r\n<p style=\"text-align: center;\">\r\n<!-- Site name: prwrestling.com\r\nZone name: prwrestling.com_banner_300x250\r\nZone id: 2109741734\r\nType: banner\r\nFormat: 300x250\r\n --> \r\n\r\n<!-- Copy and paste this code on the page. -->\r\n<div id='zone_2109741734' ><\/div>\r\n<script>\r\n    (function(w,d,o,g,r,a,m){\r\n        var cid='zone_2109741734';\r\n        w[r]=w[r]||function(){(w[r+'l']=w[r+'l']||[]).push(arguments)};\r\n        function e(b,w,r){if((w[r+'h']=b.pop())&&!w.ABN){\r\n            var a=d.createElement(o),p=d.getElementsByTagName(o)[0];a.async=1;\r\n            a.src='https:\/\/cdn.'+w[r+'h']+'\/libs\/e.js';a.onerror=function(){e(g,w,r)};\r\n            p.parentNode.insertBefore(a,p)}}e(g,w,r);\r\n        w[r](cid,{id:2109741734,domain:w[r+'h']});\r\n    })(window,document,'script',['traffmovie.com'],'ABNS');\r\n<\/script>\r\n\r\n<!--\r\nWhen setting the zone code, make sure:\r\n  - you have provided all domains from which the area code will be called\r\n  - the site does not limit the loading in the Content Security Policy\r\n  - the area code is installed in the ad space inside the page\r\n  - site layout allows you to display the banner on mobile devices in full size\r\nUse data-cp1={customParam1} data-cp2={customParam2}... attributes for sending custom params\r\n-->\r\n<\/p><\/div><br \/>\nMcIntyre afirma que no se esperaba el regreso pero tuvo palabras positivas para el luchador.<\/p>\n<p>&#8220;Estaba muy sorprendido. No lo supe hasta el \u00faltimo segundo. Digamos que es alguien que ha trabajado duro por una oportunidad, merece la oportunidad y est\u00e1 recibiendo la mayor oportunidad de su carrera. Desafortunadamente para \u00e9l, no ser\u00e1 a expensas de Drew McIntyre\u201d.<\/p>\n","protected":false},"excerpt":{"rendered":"<p>La superestrella de la WWE Drew McIntyre apareci\u00f3 recientemente en Insight con Chris Van Vilet para discutir el regreso del ex dos veces campe\u00f3n de NXT Karrion Kross, quien atac\u00f3 al Guerrero escoc\u00e9s en SmackDown hace un par de semanas.<\/p>\n","protected":false},"author":1,"featured_media":156485,"comment_status":"closed","ping_status":"closed","sticky":false,"template":"","format":"standard","meta":{"footnotes":""},"categories":[5,38],"tags":[],"class_list":["post-183298","post","type-post","status-publish","format-standard","has-post-thumbnail","category-noticias","category-noticias-y-rumores-de-la-wwe"],"_links":{"self":[{"href":"https:\/\/www.prwrestling.com\/nw\/wp-json\/wp\/v2\/posts\/183298","targetHints":{"allow":["GET"]}}],"collection":[{"href":"https:\/\/www.prwrestling.com\/nw\/wp-json\/wp\/v2\/posts"}],"about":[{"href":"https:\/\/www.prwrestling.com\/nw\/wp-json\/wp\/v2\/types\/post"}],"author":[{"embeddable":true,"href":"https:\/\/www.prwrestling.com\/nw\/wp-json\/wp\/v2\/users\/1"}],"replies":[{"embeddable":true,"href":"https:\/\/www.prwrestling.com\/nw\/wp-json\/wp\/v2\/comments?post=183298"}],"version-history":[{"count":1,"href":"https:\/\/www.prwrestling.com\/nw\/wp-json\/wp\/v2\/posts\/183298\/revisions"}],"predecessor-version":[{"id":183299,"href":"https:\/\/www.prwrestling.com\/nw\/wp-json\/wp\/v2\/posts\/183298\/revisions\/183299"}],"wp:featuredmedia":[{"embeddable":true,"href":"https:\/\/www.prwrestling.com\/nw\/wp-json\/wp\/v2\/media\/156485"}],"wp:attachment":[{"href":"https:\/\/www.prwrestling.com\/nw\/wp-json\/wp\/v2\/media?parent=183298"}],"wp:term":[{"taxonomy":"category","embeddable":true,"href":"https:\/\/www.prwrestling.com\/nw\/wp-json\/wp\/v2\/categories?post=183298"},{"taxonomy":"post_tag","embeddable":true,"href":"https:\/\/www.prwrestling.com\/nw\/wp-json\/wp\/v2\/tags?post=183298"}],"curies":[{"name":"wp","href":"https:\/\/api.w.org\/{rel}","templated":true}]}}