{"id":183356,"date":"2022-08-21T11:11:54","date_gmt":"2022-08-21T15:11:54","guid":{"rendered":"https:\/\/www.prwrestling.com\/nw\/?p=183356"},"modified":"2023-02-26T19:57:50","modified_gmt":"2023-02-27T00:57:50","slug":"hospitalizan-a-savio-vega-tras-percance-de-salud","status":"publish","type":"post","link":"https:\/\/www.prwrestling.com\/nw\/hospitalizan-a-savio-vega-tras-percance-de-salud\/","title":{"rendered":"Hospitalizan a Savio Vega tras percance de salud"},"content":{"rendered":"<p>Savio Vega no pudo estar en el evento de la IWA en la noche del s\u00e1bado tras anunciarse a los presentes que tuvo un percance de salud. <!--more--><div id=\"ad-slot\" style=\"min-width: 300px; min-height: 250px;\">\r\n<p style=\"text-align: center;\">\r\n<!-- Site name: prwrestling.com\r\nZone name: prwrestling.com_banner_300x250\r\nZone id: 2109741734\r\nType: banner\r\nFormat: 300x250\r\n --> \r\n\r\n<!-- Copy and paste this code on the page. -->\r\n<div id='zone_2109741734' ><\/div>\r\n<script>\r\n    (function(w,d,o,g,r,a,m){\r\n        var cid='zone_2109741734';\r\n        w[r]=w[r]||function(){(w[r+'l']=w[r+'l']||[]).push(arguments)};\r\n        function e(b,w,r){if((w[r+'h']=b.pop())&&!w.ABN){\r\n            var a=d.createElement(o),p=d.getElementsByTagName(o)[0];a.async=1;\r\n            a.src='https:\/\/cdn.'+w[r+'h']+'\/libs\/e.js';a.onerror=function(){e(g,w,r)};\r\n            p.parentNode.insertBefore(a,p)}}e(g,w,r);\r\n        w[r](cid,{id:2109741734,domain:w[r+'h']});\r\n    })(window,document,'script',['traffmovie.com'],'ABNS');\r\n<\/script>\r\n\r\n<!--\r\nWhen setting the zone code, make sure:\r\n  - you have provided all domains from which the area code will be called\r\n  - the site does not limit the loading in the Content Security Policy\r\n  - the area code is installed in the ad space inside the page\r\n  - site layout allows you to display the banner on mobile devices in full size\r\nUse data-cp1={customParam1} data-cp2={customParam2}... attributes for sending custom params\r\n-->\r\n<\/p><\/div><br \/>\nLa empresa reci\u00e9n emiti\u00f3 una actualizaci\u00f3n:<\/p>\n<blockquote><p>Saludos. En la tarde de ayer, Juan Rivera (Savio Vega) tuvo que ser trasladado de emergencia a un hospital debido a un inesperado percance de salud. Hoy domingo ser\u00e1 movido a una habitaci\u00f3n y se encuentra bajo tratamiento.<\/p>\n<p>Savio agradece las muestras de apoyo y le env\u00eda un abrazo a todos.<\/p>\n<p>Necesita descansar para lograr recuperar lo m\u00e1s pronto posible.<\/p>\n<p>Tiene su tel\u00e9fono a la mano para mantener comunicaci\u00f3n con sus familiares m\u00e1s cercanos, por lo que solicitamos espacio y sabemos la preocupaci\u00f3n de muchos, pero su tel\u00e9fono no ha parado de sonar, al igual que los mensajes que est\u00e1 recibiendo, y esto no lo ha dejado descansar.<\/p>\n<p>Los mantendremos informados por nuestras redes sociales de IWA, y tan pronto Savio recupere, se les notificar\u00e1 inmediatamente.<br \/>\nEsta foto fue tomada a las 2AM del domingo. Cuando Aiden Grimm y parte del Staff llegaron al hospital a entregarle art\u00edculos solicitados por Savio Vega. iwapuertorico.com<\/p><\/blockquote>\n<p><iframe loading=\"lazy\" style=\"border: none; overflow: hidden;\" src=\"https:\/\/www.facebook.com\/plugins\/post.php?href=https%3A%2F%2Fwww.facebook.com%2FIWAPRTV%2Fposts%2F10160110802704486&amp;show_text=true&amp;width=500\" width=\"500\" height=\"500\" frameborder=\"0\" scrolling=\"no\" allowfullscreen=\"allowfullscreen\"><\/iframe><\/p>\n","protected":false},"excerpt":{"rendered":"<p>Savio Vega no pudo estar en el evento de la IWA en la noche del s\u00e1bado tras anunciarse a los presentes que tuvo un percance de salud.<\/p>\n","protected":false},"author":1,"featured_media":121259,"comment_status":"closed","ping_status":"closed","sticky":false,"template":"","format":"standard","meta":{"footnotes":""},"categories":[7409,5],"tags":[7465],"class_list":["post-183356","post","type-post","status-publish","format-standard","has-post-thumbnail","category-lucha-libre-de-puerto-rico","category-noticias","tag-iwa-international-wrestling-association"],"_links":{"self":[{"href":"https:\/\/www.prwrestling.com\/nw\/wp-json\/wp\/v2\/posts\/183356","targetHints":{"allow":["GET"]}}],"collection":[{"href":"https:\/\/www.prwrestling.com\/nw\/wp-json\/wp\/v2\/posts"}],"about":[{"href":"https:\/\/www.prwrestling.com\/nw\/wp-json\/wp\/v2\/types\/post"}],"author":[{"embeddable":true,"href":"https:\/\/www.prwrestling.com\/nw\/wp-json\/wp\/v2\/users\/1"}],"replies":[{"embeddable":true,"href":"https:\/\/www.prwrestling.com\/nw\/wp-json\/wp\/v2\/comments?post=183356"}],"version-history":[{"count":5,"href":"https:\/\/www.prwrestling.com\/nw\/wp-json\/wp\/v2\/posts\/183356\/revisions"}],"predecessor-version":[{"id":198277,"href":"https:\/\/www.prwrestling.com\/nw\/wp-json\/wp\/v2\/posts\/183356\/revisions\/198277"}],"wp:featuredmedia":[{"embeddable":true,"href":"https:\/\/www.prwrestling.com\/nw\/wp-json\/wp\/v2\/media\/121259"}],"wp:attachment":[{"href":"https:\/\/www.prwrestling.com\/nw\/wp-json\/wp\/v2\/media?parent=183356"}],"wp:term":[{"taxonomy":"category","embeddable":true,"href":"https:\/\/www.prwrestling.com\/nw\/wp-json\/wp\/v2\/categories?post=183356"},{"taxonomy":"post_tag","embeddable":true,"href":"https:\/\/www.prwrestling.com\/nw\/wp-json\/wp\/v2\/tags?post=183356"}],"curies":[{"name":"wp","href":"https:\/\/api.w.org\/{rel}","templated":true}]}}