{"id":183829,"date":"2022-09-15T07:10:57","date_gmt":"2022-09-15T11:10:57","guid":{"rendered":"https:\/\/www.prwrestling.com\/nw\/?p=183829"},"modified":"2022-09-15T07:10:57","modified_gmt":"2022-09-15T11:10:57","slug":"jericho-explica-por-que-cody-se-mantuvo-alejado-de-la-escena-titular-de-aew","status":"publish","type":"post","link":"https:\/\/www.prwrestling.com\/nw\/jericho-explica-por-que-cody-se-mantuvo-alejado-de-la-escena-titular-de-aew\/","title":{"rendered":"Jericho explica por qu\u00e9 Cody se mantuvo alejado de la escena titular de AEW"},"content":{"rendered":"<p>Mientras hablaba en <a href=\"https:\/\/www.google.com\/url?sa=t&amp;rct=j&amp;q=&amp;esrc=s&amp;source=web&amp;cd=&amp;cad=rja&amp;uact=8&amp;ved=2ahUKEwj2t5bB1Jb6AhU-QzABHQyYA90QFnoECAgQAQ&amp;url=https%3A%2F%2Fpodcasts.apple.com%2Fus%2Fpodcast%2Ftalk-is-jericho%2Fid767016946&amp;usg=AOvVaw2wzZXldT8RBnSNcKc4eWox\" target=\"_blank\" rel=\"noopener\">Talk is Jericho<\/a>, Chris Jericho habl\u00f3 sobre el tiempo de Cody Rhodes en AEW.<!--more--><div id=\"ad-slot\" style=\"min-width: 300px; min-height: 250px;\">\r\n<p style=\"text-align: center;\">\r\n<!-- Site name: prwrestling.com\r\nZone name: prwrestling.com_banner_300x250\r\nZone id: 2109741734\r\nType: banner\r\nFormat: 300x250\r\n --> \r\n\r\n<!-- Copy and paste this code on the page. -->\r\n<div id='zone_2109741734' ><\/div>\r\n<script>\r\n    (function(w,d,o,g,r,a,m){\r\n        var cid='zone_2109741734';\r\n        w[r]=w[r]||function(){(w[r+'l']=w[r+'l']||[]).push(arguments)};\r\n        function e(b,w,r){if((w[r+'h']=b.pop())&&!w.ABN){\r\n            var a=d.createElement(o),p=d.getElementsByTagName(o)[0];a.async=1;\r\n            a.src='https:\/\/cdn.'+w[r+'h']+'\/libs\/e.js';a.onerror=function(){e(g,w,r)};\r\n            p.parentNode.insertBefore(a,p)}}e(g,w,r);\r\n        w[r](cid,{id:2109741734,domain:w[r+'h']});\r\n    })(window,document,'script',['traffmovie.com'],'ABNS');\r\n<\/script>\r\n\r\n<!--\r\nWhen setting the zone code, make sure:\r\n  - you have provided all domains from which the area code will be called\r\n  - the site does not limit the loading in the Content Security Policy\r\n  - the area code is installed in the ad space inside the page\r\n  - site layout allows you to display the banner on mobile devices in full size\r\nUse data-cp1={customParam1} data-cp2={customParam2}... attributes for sending custom params\r\n-->\r\n<\/p><\/div><br \/>\nJericho explic\u00f3 que fue idea de Rhodes desde el principio el no retar por el campeonato Mundial, lo que para \u00e9l fue algo retante.<\/p>\n<p>\u201c\u00c9l era inflexible. Todav\u00eda no estoy muy seguro de por qu\u00e9 puso esa regla de que nunca m\u00e1s podr\u00e1 competir por el t\u00edtulo mundial. Por alguna raz\u00f3n, esa fue completamente su idea.\u201d<\/p>\n<p>\u201cSupongo que tal vez quer\u00eda que la gente supiera que no solo iba a ganar el t\u00edtulo. Quer\u00eda ser la cara de la empresa.\u201d<br \/>\n<div id=\"ad-slot\" style=\"min-width: 300px; min-height: 250px;\"><p style=\"text-align: center;\">\r\n<script async src=\"https:\/\/pagead2.googlesyndication.com\/pagead\/js\/adsbygoogle.js\"><\/script>\r\n<!-- Responsive sc c -->\r\n<ins class=\"adsbygoogle\"\r\n     style=\"display:block\"\r\n     data-ad-client=\"ca-pub-1244235910658811\"\r\n     data-ad-slot=\"4234005358\"\r\n     data-ad-format=\"auto\"\r\n     data-full-width-responsive=\"true\"><\/ins>\r\n<script>\r\n     (adsbygoogle = window.adsbygoogle || []).push({});\r\n<\/script><\/p><\/div><br \/>\n\u201cTodos somos rostros de la empresa, pero \u00e9l realmente abraz\u00f3 la parte de EVP. Los otros tipos lo hicieron en las sombras, pero \u00e9l lo estaba haciendo frente a la c\u00e1mara y todo ese tipo de cosas.\u201d<\/p>\n<p>\u201cAs\u00ed que creo que quer\u00eda que la gente entendiera que no iba a aprovechar esta posici\u00f3n en la que estaba e hizo el &#8216;Nunca pelear\u00e9 por el t\u00edtulo mundial&#8217;,&#8221; dijo.<\/p>\n","protected":false},"excerpt":{"rendered":"<p>Mientras hablaba en Talk is Jericho, Chris Jericho habl\u00f3 sobre el tiempo de Cody Rhodes en AEW.<\/p>\n","protected":false},"author":1,"featured_media":167698,"comment_status":"closed","ping_status":"closed","sticky":false,"template":"","format":"standard","meta":{"footnotes":""},"categories":[5,38],"tags":[],"class_list":["post-183829","post","type-post","status-publish","format-standard","has-post-thumbnail","category-noticias","category-noticias-y-rumores-de-la-wwe"],"_links":{"self":[{"href":"https:\/\/www.prwrestling.com\/nw\/wp-json\/wp\/v2\/posts\/183829","targetHints":{"allow":["GET"]}}],"collection":[{"href":"https:\/\/www.prwrestling.com\/nw\/wp-json\/wp\/v2\/posts"}],"about":[{"href":"https:\/\/www.prwrestling.com\/nw\/wp-json\/wp\/v2\/types\/post"}],"author":[{"embeddable":true,"href":"https:\/\/www.prwrestling.com\/nw\/wp-json\/wp\/v2\/users\/1"}],"replies":[{"embeddable":true,"href":"https:\/\/www.prwrestling.com\/nw\/wp-json\/wp\/v2\/comments?post=183829"}],"version-history":[{"count":1,"href":"https:\/\/www.prwrestling.com\/nw\/wp-json\/wp\/v2\/posts\/183829\/revisions"}],"predecessor-version":[{"id":183830,"href":"https:\/\/www.prwrestling.com\/nw\/wp-json\/wp\/v2\/posts\/183829\/revisions\/183830"}],"wp:featuredmedia":[{"embeddable":true,"href":"https:\/\/www.prwrestling.com\/nw\/wp-json\/wp\/v2\/media\/167698"}],"wp:attachment":[{"href":"https:\/\/www.prwrestling.com\/nw\/wp-json\/wp\/v2\/media?parent=183829"}],"wp:term":[{"taxonomy":"category","embeddable":true,"href":"https:\/\/www.prwrestling.com\/nw\/wp-json\/wp\/v2\/categories?post=183829"},{"taxonomy":"post_tag","embeddable":true,"href":"https:\/\/www.prwrestling.com\/nw\/wp-json\/wp\/v2\/tags?post=183829"}],"curies":[{"name":"wp","href":"https:\/\/api.w.org\/{rel}","templated":true}]}}