{"id":183845,"date":"2022-09-17T13:59:02","date_gmt":"2022-09-17T17:59:02","guid":{"rendered":"https:\/\/www.prwrestling.com\/nw\/?p=183845"},"modified":"2022-09-17T13:59:02","modified_gmt":"2022-09-17T17:59:02","slug":"sheamus-comenta-sobre-cuanto-tiempo-le-queda-en-la-lucha-libre","status":"publish","type":"post","link":"https:\/\/www.prwrestling.com\/nw\/sheamus-comenta-sobre-cuanto-tiempo-le-queda-en-la-lucha-libre\/","title":{"rendered":"Sheamus comenta sobre cu\u00e1nto tiempo le queda en la lucha libre"},"content":{"rendered":"<p>La superestrella de la WWE, Sheamus, habl\u00f3 recientemente con Inside The Ropes para discutir una amplia gama de temas, incluido cu\u00e1nto tiempo m\u00e1s cree que le queda el Guerrero Celta en la industria.<!--more--><div id=\"ad-slot\" style=\"min-width: 300px; min-height: 250px;\">\r\n<p style=\"text-align: center;\">\r\n<!-- Site name: prwrestling.com\r\nZone name: prwrestling.com_banner_300x250\r\nZone id: 2109741734\r\nType: banner\r\nFormat: 300x250\r\n --> \r\n\r\n<!-- Copy and paste this code on the page. -->\r\n<div id='zone_2109741734' ><\/div>\r\n<script>\r\n    (function(w,d,o,g,r,a,m){\r\n        var cid='zone_2109741734';\r\n        w[r]=w[r]||function(){(w[r+'l']=w[r+'l']||[]).push(arguments)};\r\n        function e(b,w,r){if((w[r+'h']=b.pop())&&!w.ABN){\r\n            var a=d.createElement(o),p=d.getElementsByTagName(o)[0];a.async=1;\r\n            a.src='https:\/\/cdn.'+w[r+'h']+'\/libs\/e.js';a.onerror=function(){e(g,w,r)};\r\n            p.parentNode.insertBefore(a,p)}}e(g,w,r);\r\n        w[r](cid,{id:2109741734,domain:w[r+'h']});\r\n    })(window,document,'script',['traffmovie.com'],'ABNS');\r\n<\/script>\r\n\r\n<!--\r\nWhen setting the zone code, make sure:\r\n  - you have provided all domains from which the area code will be called\r\n  - the site does not limit the loading in the Content Security Policy\r\n  - the area code is installed in the ad space inside the page\r\n  - site layout allows you to display the banner on mobile devices in full size\r\nUse data-cp1={customParam1} data-cp2={customParam2}... attributes for sending custom params\r\n-->\r\n<\/p><\/div><br \/>\nSheamus se expres\u00f3 sobre su futuro no sin antes reconocer que hubo un punto en su carrera en donde sinti\u00f3 que los fans estaban cansados de \u00e9l.<\/p>\n<p>&#8220;Bueno, eso espero. Hubo un tiempo all\u00ed cuando yo era un babyface cuando la gente estaba harta de mirarme en 2012. El pelirrojo John Cena. Me estaban llamando todas estas cosas raras\u201d.<\/p>\n<p>\u201cMientras la gente se emocione por ver salir al Guerrero Celta, seguir\u00e9 adelante el mayor tiempo posible. Siento que tengo al menos otros 8 a\u00f1os en m\u00ed,\u201d dijo.<\/p>\n","protected":false},"excerpt":{"rendered":"<p>La superestrella de la WWE, Sheamus, habl\u00f3 recientemente con Inside The Ropes para discutir una amplia gama de temas, incluido cu\u00e1nto tiempo m\u00e1s cree que le queda el Guerrero Celta en la industria.<\/p>\n","protected":false},"author":1,"featured_media":154985,"comment_status":"closed","ping_status":"closed","sticky":false,"template":"","format":"standard","meta":{"footnotes":""},"categories":[5,38],"tags":[],"class_list":["post-183845","post","type-post","status-publish","format-standard","has-post-thumbnail","category-noticias","category-noticias-y-rumores-de-la-wwe"],"_links":{"self":[{"href":"https:\/\/www.prwrestling.com\/nw\/wp-json\/wp\/v2\/posts\/183845","targetHints":{"allow":["GET"]}}],"collection":[{"href":"https:\/\/www.prwrestling.com\/nw\/wp-json\/wp\/v2\/posts"}],"about":[{"href":"https:\/\/www.prwrestling.com\/nw\/wp-json\/wp\/v2\/types\/post"}],"author":[{"embeddable":true,"href":"https:\/\/www.prwrestling.com\/nw\/wp-json\/wp\/v2\/users\/1"}],"replies":[{"embeddable":true,"href":"https:\/\/www.prwrestling.com\/nw\/wp-json\/wp\/v2\/comments?post=183845"}],"version-history":[{"count":1,"href":"https:\/\/www.prwrestling.com\/nw\/wp-json\/wp\/v2\/posts\/183845\/revisions"}],"predecessor-version":[{"id":183846,"href":"https:\/\/www.prwrestling.com\/nw\/wp-json\/wp\/v2\/posts\/183845\/revisions\/183846"}],"wp:featuredmedia":[{"embeddable":true,"href":"https:\/\/www.prwrestling.com\/nw\/wp-json\/wp\/v2\/media\/154985"}],"wp:attachment":[{"href":"https:\/\/www.prwrestling.com\/nw\/wp-json\/wp\/v2\/media?parent=183845"}],"wp:term":[{"taxonomy":"category","embeddable":true,"href":"https:\/\/www.prwrestling.com\/nw\/wp-json\/wp\/v2\/categories?post=183845"},{"taxonomy":"post_tag","embeddable":true,"href":"https:\/\/www.prwrestling.com\/nw\/wp-json\/wp\/v2\/tags?post=183845"}],"curies":[{"name":"wp","href":"https:\/\/api.w.org\/{rel}","templated":true}]}}