{"id":184008,"date":"2022-09-29T07:13:59","date_gmt":"2022-09-29T11:13:59","guid":{"rendered":"https:\/\/www.prwrestling.com\/nw\/?p=184008"},"modified":"2022-09-29T07:13:59","modified_gmt":"2022-09-29T11:13:59","slug":"goldberg-dice-no-tiene-mas-luchas-en-su-contrato-con-wwe","status":"publish","type":"post","link":"https:\/\/www.prwrestling.com\/nw\/goldberg-dice-no-tiene-mas-luchas-en-su-contrato-con-wwe\/","title":{"rendered":"Goldberg dice no tiene m\u00e1s luchas en su contrato con WWE"},"content":{"rendered":"<p>Bill Goldberg fue entrevistado en la edici\u00f3n de ayer de The Bump para discutir una amplia gama de temas de lucha libre profesional, incluidos cu\u00e1ntos combates le quedan en su contrato.<!--more--><div id=\"ad-slot\" style=\"min-width: 300px; min-height: 250px;\">\r\n<p style=\"text-align: center;\">\r\n<!-- Site name: prwrestling.com\r\nZone name: prwrestling.com_banner_300x250\r\nZone id: 2109741734\r\nType: banner\r\nFormat: 300x250\r\n --> \r\n\r\n<!-- Copy and paste this code on the page. -->\r\n<div id='zone_2109741734' ><\/div>\r\n<script>\r\n    (function(w,d,o,g,r,a,m){\r\n        var cid='zone_2109741734';\r\n        w[r]=w[r]||function(){(w[r+'l']=w[r+'l']||[]).push(arguments)};\r\n        function e(b,w,r){if((w[r+'h']=b.pop())&&!w.ABN){\r\n            var a=d.createElement(o),p=d.getElementsByTagName(o)[0];a.async=1;\r\n            a.src='https:\/\/cdn.'+w[r+'h']+'\/libs\/e.js';a.onerror=function(){e(g,w,r)};\r\n            p.parentNode.insertBefore(a,p)}}e(g,w,r);\r\n        w[r](cid,{id:2109741734,domain:w[r+'h']});\r\n    })(window,document,'script',['traffmovie.com'],'ABNS');\r\n<\/script>\r\n\r\n<!--\r\nWhen setting the zone code, make sure:\r\n  - you have provided all domains from which the area code will be called\r\n  - the site does not limit the loading in the Content Security Policy\r\n  - the area code is installed in the ad space inside the page\r\n  - site layout allows you to display the banner on mobile devices in full size\r\nUse data-cp1={customParam1} data-cp2={customParam2}... attributes for sending custom params\r\n-->\r\n<\/p><\/div><br \/>\n\u201cBueno, no me quedan luchas en mi contrato, pero s\u00e9 una forma en que podemos atenderlo. Necesito darle un peque\u00f1o recibo por ese peque\u00f1o estrangulamiento en Arabia Saudita\u201d.<\/p>\n<p>Qui\u00e9n cree que puede destronar a Roman Reigns:<\/p>\n<p>\u201cCreo que hay una serie de superestrellas que son capaces de destronarlo, definitivamente. Tiene que ser el momento adecuado, el lugar adecuado, y tiene que ser uno a uno. Eso es dif\u00edcil porque hoy en d\u00eda con The Usos, tiene un sistema de guardaespaldas incorporado que le funciona bastante bien.\u201d<br \/>\n<!-- Shortcode [d] does not exist --><br \/>\n\u201cCreo que Brock definitivamente tiene la oportunidad de hacerlo cuando regrese. Como dije, creo que hay varias personas en este momento en ambos programas, ambos programas, que tienen el potencial para vencerlo, pero todo tiene que encajar. Es muy dominante, lo hemos visto durante el \u00faltimo a\u00f1o o m\u00e1s.\u201d<\/p>\n<p>\u201cHar\u00e1 falta que esa persona especial salga y lo destrone. Creo que hay un par de personas que son m\u00e1s que capaces de hacerlo,\u201d dijo.<br \/>\n<iframe loading=\"lazy\" title=\"Goldberg, The Miz and Grayson Waller join the show: WWE's The Bump, Sept. 28, 2022\" src=\"https:\/\/www.youtube.com\/embed\/V7mwItFmW-I\" width=\"500\" height=\"282\" frameborder=\"0\" allowfullscreen=\"allowfullscreen\"><\/iframe><\/p>\n","protected":false},"excerpt":{"rendered":"<p>Bill Goldberg fue entrevistado en la edici\u00f3n de ayer de The Bump para discutir una amplia gama de temas de lucha libre profesional, incluidos cu\u00e1ntos combates le quedan en su contrato.<\/p>\n","protected":false},"author":1,"featured_media":10846,"comment_status":"closed","ping_status":"closed","sticky":false,"template":"","format":"standard","meta":{"footnotes":""},"categories":[5,38],"tags":[],"class_list":["post-184008","post","type-post","status-publish","format-standard","has-post-thumbnail","category-noticias","category-noticias-y-rumores-de-la-wwe"],"_links":{"self":[{"href":"https:\/\/www.prwrestling.com\/nw\/wp-json\/wp\/v2\/posts\/184008","targetHints":{"allow":["GET"]}}],"collection":[{"href":"https:\/\/www.prwrestling.com\/nw\/wp-json\/wp\/v2\/posts"}],"about":[{"href":"https:\/\/www.prwrestling.com\/nw\/wp-json\/wp\/v2\/types\/post"}],"author":[{"embeddable":true,"href":"https:\/\/www.prwrestling.com\/nw\/wp-json\/wp\/v2\/users\/1"}],"replies":[{"embeddable":true,"href":"https:\/\/www.prwrestling.com\/nw\/wp-json\/wp\/v2\/comments?post=184008"}],"version-history":[{"count":1,"href":"https:\/\/www.prwrestling.com\/nw\/wp-json\/wp\/v2\/posts\/184008\/revisions"}],"predecessor-version":[{"id":184009,"href":"https:\/\/www.prwrestling.com\/nw\/wp-json\/wp\/v2\/posts\/184008\/revisions\/184009"}],"wp:featuredmedia":[{"embeddable":true,"href":"https:\/\/www.prwrestling.com\/nw\/wp-json\/wp\/v2\/media\/10846"}],"wp:attachment":[{"href":"https:\/\/www.prwrestling.com\/nw\/wp-json\/wp\/v2\/media?parent=184008"}],"wp:term":[{"taxonomy":"category","embeddable":true,"href":"https:\/\/www.prwrestling.com\/nw\/wp-json\/wp\/v2\/categories?post=184008"},{"taxonomy":"post_tag","embeddable":true,"href":"https:\/\/www.prwrestling.com\/nw\/wp-json\/wp\/v2\/tags?post=184008"}],"curies":[{"name":"wp","href":"https:\/\/api.w.org\/{rel}","templated":true}]}}