{"id":184011,"date":"2022-09-30T22:02:17","date_gmt":"2022-10-01T02:02:17","guid":{"rendered":"https:\/\/www.prwrestling.com\/nw\/?p=184011"},"modified":"2022-09-30T22:02:17","modified_gmt":"2022-10-01T02:02:17","slug":"fallece-antonio-inoki","status":"publish","type":"post","link":"https:\/\/www.prwrestling.com\/nw\/fallece-antonio-inoki\/","title":{"rendered":"Fallece Antonio Inoki"},"content":{"rendered":"<p>Antonio Inoki, el fundador de New Japan Pro Wrestling que se convirti\u00f3 en una de las mayores estrellas de la lucha libre profesional en la historia de Jap\u00f3n, falleci\u00f3.<!--more--><div id=\"ad-slot\" style=\"min-width: 300px; min-height: 250px;\">\r\n<p style=\"text-align: center;\">\r\n<!-- Site name: prwrestling.com\r\nZone name: prwrestling.com_banner_300x250\r\nZone id: 2109741734\r\nType: banner\r\nFormat: 300x250\r\n --> \r\n\r\n<!-- Copy and paste this code on the page. -->\r\n<div id='zone_2109741734' ><\/div>\r\n<script>\r\n    (function(w,d,o,g,r,a,m){\r\n        var cid='zone_2109741734';\r\n        w[r]=w[r]||function(){(w[r+'l']=w[r+'l']||[]).push(arguments)};\r\n        function e(b,w,r){if((w[r+'h']=b.pop())&&!w.ABN){\r\n            var a=d.createElement(o),p=d.getElementsByTagName(o)[0];a.async=1;\r\n            a.src='https:\/\/cdn.'+w[r+'h']+'\/libs\/e.js';a.onerror=function(){e(g,w,r)};\r\n            p.parentNode.insertBefore(a,p)}}e(g,w,r);\r\n        w[r](cid,{id:2109741734,domain:w[r+'h']});\r\n    })(window,document,'script',['traffmovie.com'],'ABNS');\r\n<\/script>\r\n\r\n<!--\r\nWhen setting the zone code, make sure:\r\n  - you have provided all domains from which the area code will be called\r\n  - the site does not limit the loading in the Content Security Policy\r\n  - the area code is installed in the ad space inside the page\r\n  - site layout allows you to display the banner on mobile devices in full size\r\nUse data-cp1={customParam1} data-cp2={customParam2}... attributes for sending custom params\r\n-->\r\n<\/p><\/div><br \/>\nYahoo News Japan confirm\u00f3 que Inoki falleci\u00f3 el s\u00e1bado por la ma\u00f1ana en Jap\u00f3n. Inoki, de 79 a\u00f1os, hab\u00eda estado luchando contra problemas de salud en los \u00faltimos a\u00f1os y estaba confinado a una silla de ruedas.<\/p>\n<p>Durante SmackDown del viernes, los locutores Michael Cole y Corey Graves se tomaron el tiempo para hablar sobre la muerte de Inoki.<\/p>\n","protected":false},"excerpt":{"rendered":"<p>Antonio Inoki, el fundador de New Japan Pro Wrestling que se convirti\u00f3 en una de las mayores estrellas de la lucha libre profesional en la historia de Jap\u00f3n, falleci\u00f3.<\/p>\n","protected":false},"author":1,"featured_media":184012,"comment_status":"closed","ping_status":"closed","sticky":false,"template":"","format":"standard","meta":{"footnotes":""},"categories":[7,5],"tags":[],"class_list":["post-184011","post","type-post","status-publish","format-standard","has-post-thumbnail","category-archivos","category-noticias"],"_links":{"self":[{"href":"https:\/\/www.prwrestling.com\/nw\/wp-json\/wp\/v2\/posts\/184011","targetHints":{"allow":["GET"]}}],"collection":[{"href":"https:\/\/www.prwrestling.com\/nw\/wp-json\/wp\/v2\/posts"}],"about":[{"href":"https:\/\/www.prwrestling.com\/nw\/wp-json\/wp\/v2\/types\/post"}],"author":[{"embeddable":true,"href":"https:\/\/www.prwrestling.com\/nw\/wp-json\/wp\/v2\/users\/1"}],"replies":[{"embeddable":true,"href":"https:\/\/www.prwrestling.com\/nw\/wp-json\/wp\/v2\/comments?post=184011"}],"version-history":[{"count":1,"href":"https:\/\/www.prwrestling.com\/nw\/wp-json\/wp\/v2\/posts\/184011\/revisions"}],"predecessor-version":[{"id":184013,"href":"https:\/\/www.prwrestling.com\/nw\/wp-json\/wp\/v2\/posts\/184011\/revisions\/184013"}],"wp:featuredmedia":[{"embeddable":true,"href":"https:\/\/www.prwrestling.com\/nw\/wp-json\/wp\/v2\/media\/184012"}],"wp:attachment":[{"href":"https:\/\/www.prwrestling.com\/nw\/wp-json\/wp\/v2\/media?parent=184011"}],"wp:term":[{"taxonomy":"category","embeddable":true,"href":"https:\/\/www.prwrestling.com\/nw\/wp-json\/wp\/v2\/categories?post=184011"},{"taxonomy":"post_tag","embeddable":true,"href":"https:\/\/www.prwrestling.com\/nw\/wp-json\/wp\/v2\/tags?post=184011"}],"curies":[{"name":"wp","href":"https:\/\/api.w.org\/{rel}","templated":true}]}}