{"id":184149,"date":"2022-10-06T18:57:00","date_gmt":"2022-10-06T22:57:00","guid":{"rendered":"https:\/\/www.prwrestling.com\/nw\/?p=184149"},"modified":"2022-10-06T18:57:00","modified_gmt":"2022-10-06T22:57:00","slug":"reporte-wwe-le-ofrecio-contrato-a-bandido","status":"publish","type":"post","link":"https:\/\/www.prwrestling.com\/nw\/reporte-wwe-le-ofrecio-contrato-a-bandido\/","title":{"rendered":"Reporte: WWE le ofreci\u00f3 contrato a Bandido"},"content":{"rendered":"<p>A pesar de los informes del mi\u00e9rcoles que dec\u00edan lo contrario, Bandido no ha firmado su contrato con AEW.<!--more--><div id=\"ad-slot\" style=\"min-width: 300px; min-height: 250px;\">\r\n<p style=\"text-align: center;\">\r\n<script async src=\"https:\/\/pagead2.googlesyndication.com\/pagead\/js\/adsbygoogle.js\"><\/script>\r\n<!-- 300x250 sc a -->\r\n<ins class=\"adsbygoogle\"\r\n     style=\"display:inline-block;width:300px;height:250px\"\r\n     data-ad-client=\"ca-pub-1244235910658811\"\r\n     data-ad-slot=\"8592682546\"><\/ins>\r\n<script>\r\n     (adsbygoogle = window.adsbygoogle || []).push({});\r\n<\/script><\/center>\r\n<\/p><\/div><br \/>\nFightful inform\u00f3 el mi\u00e9rcoles que Bandido hab\u00eda llegado a un acuerdo. El jueves, Meltzer inform\u00f3 que estaba equivocado y que una fuente cercana a la estrella mexicana le dijo que no hab\u00eda firmado su contrato.<\/p>\n<p>Al joven de 27 a\u00f1os se le ofreci\u00f3 un contrato inmediatamente despu\u00e9s de su debut en AEW hace ocho d\u00edas contra el campe\u00f3n de Ring of Honor Chris Jericho en Dynamite.<\/p>\n<p>En una entrevista con Mas Lucha, Bandido dijo que todav\u00eda est\u00e1 en conversaciones con AEW, pero tambi\u00e9n confirm\u00f3 que tambi\u00e9n recibi\u00f3 una oferta de WWE.<br \/>\n<!-- Shortcode [d] does not exist --><br \/>\nEn la entrevista, Bandido dijo que el jefe de AEW, Tony Khan, y Jericho trataron de convencerlo de que firmara con Khan, supuestamente diciendo que no solo quer\u00eda a Bandido en AEW, sino que &#8220;te necesito en AEW&#8221;. Tambi\u00e9n dijo que es probable que termine en AEW.<\/p>\n","protected":false},"excerpt":{"rendered":"<p>A pesar de los informes del mi\u00e9rcoles que dec\u00edan lo contrario, Bandido no ha firmado su contrato con AEW.<\/p>\n","protected":false},"author":1,"featured_media":127361,"comment_status":"closed","ping_status":"closed","sticky":false,"template":"","format":"standard","meta":{"footnotes":""},"categories":[5,38],"tags":[],"class_list":{"0":"post-184149","1":"post","2":"type-post","3":"status-publish","4":"format-standard","5":"has-post-thumbnail","7":"category-noticias","8":"category-noticias-y-rumores-de-la-wwe"},"_links":{"self":[{"href":"https:\/\/www.prwrestling.com\/nw\/wp-json\/wp\/v2\/posts\/184149","targetHints":{"allow":["GET"]}}],"collection":[{"href":"https:\/\/www.prwrestling.com\/nw\/wp-json\/wp\/v2\/posts"}],"about":[{"href":"https:\/\/www.prwrestling.com\/nw\/wp-json\/wp\/v2\/types\/post"}],"author":[{"embeddable":true,"href":"https:\/\/www.prwrestling.com\/nw\/wp-json\/wp\/v2\/users\/1"}],"replies":[{"embeddable":true,"href":"https:\/\/www.prwrestling.com\/nw\/wp-json\/wp\/v2\/comments?post=184149"}],"version-history":[{"count":1,"href":"https:\/\/www.prwrestling.com\/nw\/wp-json\/wp\/v2\/posts\/184149\/revisions"}],"predecessor-version":[{"id":184150,"href":"https:\/\/www.prwrestling.com\/nw\/wp-json\/wp\/v2\/posts\/184149\/revisions\/184150"}],"wp:featuredmedia":[{"embeddable":true,"href":"https:\/\/www.prwrestling.com\/nw\/wp-json\/wp\/v2\/media\/127361"}],"wp:attachment":[{"href":"https:\/\/www.prwrestling.com\/nw\/wp-json\/wp\/v2\/media?parent=184149"}],"wp:term":[{"taxonomy":"category","embeddable":true,"href":"https:\/\/www.prwrestling.com\/nw\/wp-json\/wp\/v2\/categories?post=184149"},{"taxonomy":"post_tag","embeddable":true,"href":"https:\/\/www.prwrestling.com\/nw\/wp-json\/wp\/v2\/tags?post=184149"}],"curies":[{"name":"wp","href":"https:\/\/api.w.org\/{rel}","templated":true}]}}