{"id":184339,"date":"2022-10-07T19:34:06","date_gmt":"2022-10-07T23:34:06","guid":{"rendered":"https:\/\/www.prwrestling.com\/nw\/?p=184339"},"modified":"2022-10-07T19:34:06","modified_gmt":"2022-10-07T23:34:06","slug":"nota-tras-bastidores-sobre-el-estado-de-becky-lynch-en-la-wwe","status":"publish","type":"post","link":"https:\/\/www.prwrestling.com\/nw\/nota-tras-bastidores-sobre-el-estado-de-becky-lynch-en-la-wwe\/","title":{"rendered":"Nota tras bastidores sobre el estado de Becky Lynch en la WWE"},"content":{"rendered":"<div>\n<p>Becky Lynch estaba el backstage del WWE RAW del lunes desde St. Paul, Minnesota, seg\u00fan PWInsider.<!--more--><div id=\"ad-slot\" style=\"min-width: 300px; min-height: 250px;\">\r\n<p style=\"text-align: center;\">\r\n<!-- Site name: prwrestling.com\r\nZone name: prwrestling.com_banner_300x250\r\nZone id: 2109741734\r\nType: banner\r\nFormat: 300x250\r\n --> \r\n\r\n<!-- Copy and paste this code on the page. -->\r\n<div id='zone_2109741734' ><\/div>\r\n<script>\r\n    (function(w,d,o,g,r,a,m){\r\n        var cid='zone_2109741734';\r\n        w[r]=w[r]||function(){(w[r+'l']=w[r+'l']||[]).push(arguments)};\r\n        function e(b,w,r){if((w[r+'h']=b.pop())&&!w.ABN){\r\n            var a=d.createElement(o),p=d.getElementsByTagName(o)[0];a.async=1;\r\n            a.src='https:\/\/cdn.'+w[r+'h']+'\/libs\/e.js';a.onerror=function(){e(g,w,r)};\r\n            p.parentNode.insertBefore(a,p)}}e(g,w,r);\r\n        w[r](cid,{id:2109741734,domain:w[r+'h']});\r\n    })(window,document,'script',['traffmovie.com'],'ABNS');\r\n<\/script>\r\n\r\n<!--\r\nWhen setting the zone code, make sure:\r\n  - you have provided all domains from which the area code will be called\r\n  - the site does not limit the loading in the Content Security Policy\r\n  - the area code is installed in the ad space inside the page\r\n  - site layout allows you to display the banner on mobile devices in full size\r\nUse data-cp1={customParam1} data-cp2={customParam2}... attributes for sending custom params\r\n-->\r\n<\/p><\/div><\/p>\n<p>Se cree que Lynch est\u00e1 cada vez m\u00e1s cerca de volver al ring. Ella ha estado fuera de acci\u00f3n desde que sufri\u00f3 un hombro separado en la derrota ante Bianca Belair en WWE SummerSlam el 30 de julio. Hizo una prom de babyface en el RAW posterior a SummerSlam, y no ha sido vista desde entonces.<\/p>\n<p>En el momento de la lesi\u00f3n de Lynch se dijo que se esperaba que estuviera fuera de combate durante varios meses. A principios de agosto se habl\u00f3 de una operaci\u00f3n, pero Lynch se\u00f1al\u00f3 hace varias semanas que ahora tiene mucha m\u00e1s movilidad y que su lesi\u00f3n estaba sanando r\u00e1pidamente. A principios de septiembre declar\u00f3 que se sent\u00eda m\u00e1s fuerte y que esperaba volver pronto.<br \/>\n<!-- Shortcode [d] does not exist --><\/p>\n","protected":false},"excerpt":{"rendered":"<p>Becky Lynch estaba el backstage del WWE RAW del lunes desde St. Paul, Minnesota, seg\u00fan PWInsider.<\/p>\n","protected":false},"author":1,"featured_media":111052,"comment_status":"closed","ping_status":"closed","sticky":false,"template":"","format":"standard","meta":{"footnotes":""},"categories":[5,38],"tags":[],"class_list":["post-184339","post","type-post","status-publish","format-standard","has-post-thumbnail","category-noticias","category-noticias-y-rumores-de-la-wwe"],"_links":{"self":[{"href":"https:\/\/www.prwrestling.com\/nw\/wp-json\/wp\/v2\/posts\/184339","targetHints":{"allow":["GET"]}}],"collection":[{"href":"https:\/\/www.prwrestling.com\/nw\/wp-json\/wp\/v2\/posts"}],"about":[{"href":"https:\/\/www.prwrestling.com\/nw\/wp-json\/wp\/v2\/types\/post"}],"author":[{"embeddable":true,"href":"https:\/\/www.prwrestling.com\/nw\/wp-json\/wp\/v2\/users\/1"}],"replies":[{"embeddable":true,"href":"https:\/\/www.prwrestling.com\/nw\/wp-json\/wp\/v2\/comments?post=184339"}],"version-history":[{"count":2,"href":"https:\/\/www.prwrestling.com\/nw\/wp-json\/wp\/v2\/posts\/184339\/revisions"}],"predecessor-version":[{"id":184352,"href":"https:\/\/www.prwrestling.com\/nw\/wp-json\/wp\/v2\/posts\/184339\/revisions\/184352"}],"wp:featuredmedia":[{"embeddable":true,"href":"https:\/\/www.prwrestling.com\/nw\/wp-json\/wp\/v2\/media\/111052"}],"wp:attachment":[{"href":"https:\/\/www.prwrestling.com\/nw\/wp-json\/wp\/v2\/media?parent=184339"}],"wp:term":[{"taxonomy":"category","embeddable":true,"href":"https:\/\/www.prwrestling.com\/nw\/wp-json\/wp\/v2\/categories?post=184339"},{"taxonomy":"post_tag","embeddable":true,"href":"https:\/\/www.prwrestling.com\/nw\/wp-json\/wp\/v2\/tags?post=184339"}],"curies":[{"name":"wp","href":"https:\/\/api.w.org\/{rel}","templated":true}]}}