{"id":18448,"date":"2018-03-18T19:49:13","date_gmt":"2018-03-18T23:49:13","guid":{"rendered":"http:\/\/www.prwrestling.com\/nw\/?p=18448"},"modified":"2018-03-18T19:59:25","modified_gmt":"2018-03-18T23:59:25","slug":"revista-de-wwe-anticipa-integrante-del-salon-de-la-fama-wwe-foto","status":"publish","type":"post","link":"https:\/\/www.prwrestling.com\/nw\/revista-de-wwe-anticipa-integrante-del-salon-de-la-fama-wwe-foto\/","title":{"rendered":"Revista de WWE adelanta nombre de integrante al Sal\u00f3n de la Fama WWE (foto)"},"content":{"rendered":"<p><a href=\"http:\/\/www.prwrestling.com\/nw\/wp-content\/uploads\/2015\/05\/mark-henry.jpg\"><img loading=\"lazy\" decoding=\"async\" class=\"aligncenter wp-image-3786\" src=\"http:\/\/www.prwrestling.com\/nw\/wp-content\/uploads\/2015\/05\/mark-henry.jpg\" alt=\"\" width=\"531\" height=\"298\" srcset=\"https:\/\/www.prwrestling.com\/nw\/wp-content\/uploads\/2015\/05\/mark-henry.jpg 642w, https:\/\/www.prwrestling.com\/nw\/wp-content\/uploads\/2015\/05\/mark-henry-300x168.jpg 300w\" sizes=\"auto, (max-width: 531px) 100vw, 531px\" \/><\/a><\/p>\n<p>Como se ve a continuaci\u00f3n en imagen publicada por Wrestling Inc, la nueva revista de WrestleMania revela que Mark Henry ser\u00e1 incluido en el Sal\u00f3n de la fama de la WWE. <!--more-->Adem\u00e1s de la menci\u00f3n, hay una entrevista con el luchador quien reacciona al honor de ser parte de la clase 2018.<\/p>\n<p><center><script type=\"text\/javascript\"><!-- google_ad_client = \"ca-pub-1244235910658811\"; \/* 300x250 derecha main page *\/ google_ad_slot = \"1988061967\"; google_ad_width = 300; google_ad_height = 250; \/\/--><\/script><script type=\"text\/javascript\" src=\"http:\/\/pagead2.googlesyndication.com\/pagead\/show_ads.js\">\n<\/script><\/center><\/p>\n<blockquote class=\"instagram-media\" style=\"background: #FFF; border: 0; border-radius: 3px; box-shadow: 0 0 1px 0 rgba(0,0,0,0.5),0 1px 10px 0 rgba(0,0,0,0.15); margin: 1px; max-width: 658px; padding: 0; width: calc(100% - 2px);\" data-instgrm-captioned=\"\" data-instgrm-permalink=\"https:\/\/www.instagram.com\/p\/BgeSWspAolK\/\" data-instgrm-version=\"8\">\n<div style=\"padding: 8px;\">\n<div style=\"background: #F8F8F8; line-height: 0; margin-top: 40px; padding: 50.0% 0; text-align: center; width: 100%;\"><\/div>\n<p style=\"margin: 8px 0 0 0; padding: 0 4px;\"><a style=\"color: #000; font-family: Arial,sans-serif; font-size: 14px; font-style: normal; font-weight: normal; line-height: 17px; text-decoration: none; word-wrap: break-word;\" href=\"https:\/\/www.instagram.com\/p\/BgeSWspAolK\/\" target=\"_blank\" rel=\"noopener\">The new #WrestleMania magazine reveals that Mark Henry will be inducted into the #WWE Hall of Fame. Thanks to Wrestling Inc. readers Chris and @JAAKKKEEEE<\/a><\/p>\n<p style=\"color: #c9c8cd; font-family: Arial,sans-serif; font-size: 14px; line-height: 17px; margin-bottom: 0; margin-top: 8px; overflow: hidden; padding: 8px 0 7px; text-align: center; text-overflow: ellipsis; white-space: nowrap;\">A post shared by <a style=\"color: #c9c8cd; font-family: Arial,sans-serif; font-size: 14px; font-style: normal; font-weight: normal; line-height: 17px;\" href=\"https:\/\/www.instagram.com\/wrestlinginc\/\" target=\"_blank\" rel=\"noopener\"> Wrestling Inc.<\/a> (@wrestlinginc) on <time style=\"font-family: Arial,sans-serif; font-size: 14px; line-height: 17px;\" datetime=\"2018-03-18T17:38:28+00:00\">Mar 18, 2018 at 10:38am PDT<\/time><\/p>\n<\/div>\n<\/blockquote>\n<p><script async defer src=\"\/\/www.instagram.com\/embed.js\"><\/script><\/p>\n<p>Henry se une a Goldberg, Dudley Boyz, Ivory, Jeff Jarrett, Hillbilly Jim, Kid Rock y Jarrius &#8220;JJ&#8221; Robertson (Warrior Award) entre los honrados esa noche.<\/p>\n<p>La ceremonia de inducci\u00f3n al Sal\u00f3n de la Fama WWE 2018 tendr\u00e1 lugar el viernes 6 de abril en el Smoothie King Center de Nueva Orleans. Los boletos est\u00e1n disponibles ahora en Ticketmaster.com.<\/p>\n<p><center><script type=\"text\/javascript\"><!-- google_ad_client = \"ca-pub-1244235910658811\"; \/* 300x250 derecha main page *\/ google_ad_slot = \"1988061967\"; google_ad_width = 300; google_ad_height = 250; \/\/--><\/script><script type=\"text\/javascript\" src=\"http:\/\/pagead2.googlesyndication.com\/pagead\/show_ads.js\">\n<\/script><\/center><\/p>\n","protected":false},"excerpt":{"rendered":"<p>Como se ve a continuaci\u00f3n en imagen publicada por Wrestling Inc, la nueva revista de WrestleMania revela que Mark Henry ser\u00e1 incluido en el Sal\u00f3n de la fama de la WWE.<\/p>\n","protected":false},"author":3,"featured_media":18449,"comment_status":"closed","ping_status":"closed","sticky":false,"template":"","format":"standard","meta":{"footnotes":""},"categories":[5],"tags":[],"class_list":{"0":"post-18448","1":"post","2":"type-post","3":"status-publish","4":"format-standard","5":"has-post-thumbnail","7":"category-noticias"},"_links":{"self":[{"href":"https:\/\/www.prwrestling.com\/nw\/wp-json\/wp\/v2\/posts\/18448","targetHints":{"allow":["GET"]}}],"collection":[{"href":"https:\/\/www.prwrestling.com\/nw\/wp-json\/wp\/v2\/posts"}],"about":[{"href":"https:\/\/www.prwrestling.com\/nw\/wp-json\/wp\/v2\/types\/post"}],"author":[{"embeddable":true,"href":"https:\/\/www.prwrestling.com\/nw\/wp-json\/wp\/v2\/users\/3"}],"replies":[{"embeddable":true,"href":"https:\/\/www.prwrestling.com\/nw\/wp-json\/wp\/v2\/comments?post=18448"}],"version-history":[{"count":6,"href":"https:\/\/www.prwrestling.com\/nw\/wp-json\/wp\/v2\/posts\/18448\/revisions"}],"predecessor-version":[{"id":18476,"href":"https:\/\/www.prwrestling.com\/nw\/wp-json\/wp\/v2\/posts\/18448\/revisions\/18476"}],"wp:featuredmedia":[{"embeddable":true,"href":"https:\/\/www.prwrestling.com\/nw\/wp-json\/wp\/v2\/media\/18449"}],"wp:attachment":[{"href":"https:\/\/www.prwrestling.com\/nw\/wp-json\/wp\/v2\/media?parent=18448"}],"wp:term":[{"taxonomy":"category","embeddable":true,"href":"https:\/\/www.prwrestling.com\/nw\/wp-json\/wp\/v2\/categories?post=18448"},{"taxonomy":"post_tag","embeddable":true,"href":"https:\/\/www.prwrestling.com\/nw\/wp-json\/wp\/v2\/tags?post=18448"}],"curies":[{"name":"wp","href":"https:\/\/api.w.org\/{rel}","templated":true}]}}