{"id":185050,"date":"2022-10-19T22:00:23","date_gmt":"2022-10-20T02:00:23","guid":{"rendered":"https:\/\/www.prwrestling.com\/nw\/?p=185050"},"modified":"2022-10-19T22:01:49","modified_gmt":"2022-10-20T02:01:49","slug":"glenn-jacobs-desmiente-rumores-de-la-existencia-del-kane-verde","status":"publish","type":"post","link":"https:\/\/www.prwrestling.com\/nw\/glenn-jacobs-desmiente-rumores-de-la-existencia-del-kane-verde\/","title":{"rendered":"Glenn Jacobs desmiente rumores de la existencia del &#8220;Kane verde&#8221;"},"content":{"rendered":"<p>Kane rompe el mito sobre su atuendo verde y dice que nunca fue parte del plan.<!--more--><div id=\"ad-slot\" style=\"min-width: 300px; min-height: 250px;\">\r\n<p style=\"text-align: center;\">\r\n<!-- Site name: prwrestling.com\r\nZone name: prwrestling.com_banner_300x250\r\nZone id: 2109741734\r\nType: banner\r\nFormat: 300x250\r\n --> \r\n\r\n<!-- Copy and paste this code on the page. -->\r\n<div id='zone_2109741734' ><\/div>\r\n<script>\r\n    (function(w,d,o,g,r,a,m){\r\n        var cid='zone_2109741734';\r\n        w[r]=w[r]||function(){(w[r+'l']=w[r+'l']||[]).push(arguments)};\r\n        function e(b,w,r){if((w[r+'h']=b.pop())&&!w.ABN){\r\n            var a=d.createElement(o),p=d.getElementsByTagName(o)[0];a.async=1;\r\n            a.src='https:\/\/cdn.'+w[r+'h']+'\/libs\/e.js';a.onerror=function(){e(g,w,r)};\r\n            p.parentNode.insertBefore(a,p)}}e(g,w,r);\r\n        w[r](cid,{id:2109741734,domain:w[r+'h']});\r\n    })(window,document,'script',['traffmovie.com'],'ABNS');\r\n<\/script>\r\n\r\n<!--\r\nWhen setting the zone code, make sure:\r\n  - you have provided all domains from which the area code will be called\r\n  - the site does not limit the loading in the Content Security Policy\r\n  - the area code is installed in the ad space inside the page\r\n  - site layout allows you to display the banner on mobile devices in full size\r\nUse data-cp1={customParam1} data-cp2={customParam2}... attributes for sending custom params\r\n-->\r\n<\/p><\/div><br \/>\nDurante a\u00f1os, las fotos de Kane vistiendo ropa verde durante sus d\u00edas como campe\u00f3n en parejas con X-Pac, miembro de D-Generation X, han circulado entre los fan\u00e1ticos de la lucha libre, pero la vestimenta siempre ha sido un misterio porque Kane nunca la us\u00f3.<\/p>\n<p>Hablando en el episodio del 19 de octubre de The Bump de WWE, Kane declar\u00f3 que nunca un atuendo verde, y nunca estuvo en los planes.<\/p>\n<p>\u201cNo hay atuendo verde. Nunca iba a haber uno verde, y nunca habr\u00e1 atuendo verde\u201d, dijo Kane. \u201cKane es rojo y negro todo el camino, hombre. Creo que cambiar era lo \u00fanico que pod\u00eda permanecer constante. Ten\u00edas m\u00e1scara, sin m\u00e1scara, de vuelta a una m\u00e1scara, la m\u00e1scara ten\u00eda diferentes versiones, el disfraz ten\u00eda diferentes versiones, pero lo que siempre lo mantuvo unido fue el esquema de color.<br \/>\n<div id=\"ad-slot\" style=\"min-width: 300px; min-height: 250px;\"><p style=\"text-align: center;\">\r\n<script async src=\"https:\/\/pagead2.googlesyndication.com\/pagead\/js\/adsbygoogle.js\"><\/script>\r\n<!-- Responsive sc c -->\r\n<ins class=\"adsbygoogle\"\r\n     style=\"display:block\"\r\n     data-ad-client=\"ca-pub-1244235910658811\"\r\n     data-ad-slot=\"4234005358\"\r\n     data-ad-format=\"auto\"\r\n     data-full-width-responsive=\"true\"><\/ins>\r\n<script>\r\n     (adsbygoogle = window.adsbygoogle || []).push({});\r\n<\/script><\/p><\/div><br \/>\n\u201cCreo que [cambiar eso] habr\u00eda socavado al personaje, en realidad. As\u00ed que esa es uno de esos rumores que se desat\u00f3 en Internet, y esa es la primera vez que lo vi, fue cuando la gente comenz\u00f3 a hablar sobre el Kane verde como parte de DX.&#8221;<\/p>\n<p>&#8220;Que yo sepa, eso ni siquiera se discuti\u00f3, aunque tal vez me ver\u00eda bien en verde. No s\u00e9.&#8221;<br \/>\n<!-- Shortcode [d] does not exist --><\/p>\n","protected":false},"excerpt":{"rendered":"<p>Kane rompe el mito sobre su atuendo verde y dice que nunca fue parte del plan.<\/p>\n","protected":false},"author":1,"featured_media":185055,"comment_status":"closed","ping_status":"closed","sticky":false,"template":"","format":"standard","meta":{"footnotes":""},"categories":[5,38],"tags":[],"class_list":["post-185050","post","type-post","status-publish","format-standard","has-post-thumbnail","category-noticias","category-noticias-y-rumores-de-la-wwe"],"_links":{"self":[{"href":"https:\/\/www.prwrestling.com\/nw\/wp-json\/wp\/v2\/posts\/185050","targetHints":{"allow":["GET"]}}],"collection":[{"href":"https:\/\/www.prwrestling.com\/nw\/wp-json\/wp\/v2\/posts"}],"about":[{"href":"https:\/\/www.prwrestling.com\/nw\/wp-json\/wp\/v2\/types\/post"}],"author":[{"embeddable":true,"href":"https:\/\/www.prwrestling.com\/nw\/wp-json\/wp\/v2\/users\/1"}],"replies":[{"embeddable":true,"href":"https:\/\/www.prwrestling.com\/nw\/wp-json\/wp\/v2\/comments?post=185050"}],"version-history":[{"count":1,"href":"https:\/\/www.prwrestling.com\/nw\/wp-json\/wp\/v2\/posts\/185050\/revisions"}],"predecessor-version":[{"id":185053,"href":"https:\/\/www.prwrestling.com\/nw\/wp-json\/wp\/v2\/posts\/185050\/revisions\/185053"}],"wp:featuredmedia":[{"embeddable":true,"href":"https:\/\/www.prwrestling.com\/nw\/wp-json\/wp\/v2\/media\/185055"}],"wp:attachment":[{"href":"https:\/\/www.prwrestling.com\/nw\/wp-json\/wp\/v2\/media?parent=185050"}],"wp:term":[{"taxonomy":"category","embeddable":true,"href":"https:\/\/www.prwrestling.com\/nw\/wp-json\/wp\/v2\/categories?post=185050"},{"taxonomy":"post_tag","embeddable":true,"href":"https:\/\/www.prwrestling.com\/nw\/wp-json\/wp\/v2\/tags?post=185050"}],"curies":[{"name":"wp","href":"https:\/\/api.w.org\/{rel}","templated":true}]}}