{"id":186856,"date":"2022-12-01T14:10:15","date_gmt":"2022-12-01T19:10:15","guid":{"rendered":"https:\/\/www.prwrestling.com\/nw\/?p=186856"},"modified":"2022-12-01T14:10:15","modified_gmt":"2022-12-01T19:10:15","slug":"incierto-el-futuro-de-william-regal-en-aew","status":"publish","type":"post","link":"https:\/\/www.prwrestling.com\/nw\/incierto-el-futuro-de-william-regal-en-aew\/","title":{"rendered":"Incierto el futuro de William Regal en AEW"},"content":{"rendered":"<p>Una de las historias m\u00e1s interesantes y sin respuesta de la lucha actualmente es el futuro de William Regal en AEW.<!--more--><div id=\"ad-slot\" style=\"min-width: 300px; min-height: 250px;\">\r\n<p style=\"text-align: center;\">\r\n<!-- Site name: prwrestling.com\r\nZone name: prwrestling.com_banner_300x250\r\nZone id: 2109741734\r\nType: banner\r\nFormat: 300x250\r\n --> \r\n\r\n<!-- Copy and paste this code on the page. -->\r\n<div id='zone_2109741734' ><\/div>\r\n<script>\r\n    (function(w,d,o,g,r,a,m){\r\n        var cid='zone_2109741734';\r\n        w[r]=w[r]||function(){(w[r+'l']=w[r+'l']||[]).push(arguments)};\r\n        function e(b,w,r){if((w[r+'h']=b.pop())&&!w.ABN){\r\n            var a=d.createElement(o),p=d.getElementsByTagName(o)[0];a.async=1;\r\n            a.src='https:\/\/cdn.'+w[r+'h']+'\/libs\/e.js';a.onerror=function(){e(g,w,r)};\r\n            p.parentNode.insertBefore(a,p)}}e(g,w,r);\r\n        w[r](cid,{id:2109741734,domain:w[r+'h']});\r\n    })(window,document,'script',['traffmovie.com'],'ABNS');\r\n<\/script>\r\n\r\n<!--\r\nWhen setting the zone code, make sure:\r\n  - you have provided all domains from which the area code will be called\r\n  - the site does not limit the loading in the Content Security Policy\r\n  - the area code is installed in the ad space inside the page\r\n  - site layout allows you to display the banner on mobile devices in full size\r\nUse data-cp1={customParam1} data-cp2={customParam2}... attributes for sending custom params\r\n-->\r\n<\/p><\/div><br \/>\nEn los \u00faltimos d\u00edas, ha habido especulaciones de que Regal regresar\u00e1 a la WWE en alg\u00fan tipo de rol ejecutivo\/tras bastidores dada su conexi\u00f3n pasada con Paul &#8220;Triple H&#8221; Levesque de la WWE. <\/p>\n<p>En este punto, se cree que Regal todav\u00eda tiene un contrato con AEW, pero la duraci\u00f3n del acuerdo es la pregunta principal sobre la que ni Regal ni Tony Khan de AEW han comentado p\u00fablicamente.<br \/>\n<div id=\"ad-slot\" style=\"min-width: 300px; min-height: 250px;\"><p style=\"text-align: center;\">\r\n<script async src=\"https:\/\/pagead2.googlesyndication.com\/pagead\/js\/adsbygoogle.js\"><\/script>\r\n<!-- Responsive sc c -->\r\n<ins class=\"adsbygoogle\"\r\n     style=\"display:block\"\r\n     data-ad-client=\"ca-pub-1244235910658811\"\r\n     data-ad-slot=\"4234005358\"\r\n     data-ad-format=\"auto\"\r\n     data-full-width-responsive=\"true\"><\/ins>\r\n<script>\r\n     (adsbygoogle = window.adsbygoogle || []).push({});\r\n<\/script><\/p><\/div><br \/>\nAl discutir los rumores el lunes, Dave Meltzer dijo que Regal hab\u00eda dicho que hab\u00eda firmado un contrato de tres a\u00f1os con AEW pero que &#8220;algo estaba pasando&#8221;. Tambi\u00e9n dijo que hab\u00eda cierta informaci\u00f3n extraoficial que se le dio y que no se le permiti\u00f3 discutir.<\/p>\n","protected":false},"excerpt":{"rendered":"<p>Una de las historias m\u00e1s interesantes y sin respuesta de la lucha actualmente es el futuro de William Regal en AEW.<\/p>\n","protected":false},"author":1,"featured_media":146189,"comment_status":"closed","ping_status":"closed","sticky":false,"template":"","format":"standard","meta":{"footnotes":""},"categories":[5,38],"tags":[],"class_list":["post-186856","post","type-post","status-publish","format-standard","has-post-thumbnail","category-noticias","category-noticias-y-rumores-de-la-wwe"],"_links":{"self":[{"href":"https:\/\/www.prwrestling.com\/nw\/wp-json\/wp\/v2\/posts\/186856","targetHints":{"allow":["GET"]}}],"collection":[{"href":"https:\/\/www.prwrestling.com\/nw\/wp-json\/wp\/v2\/posts"}],"about":[{"href":"https:\/\/www.prwrestling.com\/nw\/wp-json\/wp\/v2\/types\/post"}],"author":[{"embeddable":true,"href":"https:\/\/www.prwrestling.com\/nw\/wp-json\/wp\/v2\/users\/1"}],"replies":[{"embeddable":true,"href":"https:\/\/www.prwrestling.com\/nw\/wp-json\/wp\/v2\/comments?post=186856"}],"version-history":[{"count":2,"href":"https:\/\/www.prwrestling.com\/nw\/wp-json\/wp\/v2\/posts\/186856\/revisions"}],"predecessor-version":[{"id":186864,"href":"https:\/\/www.prwrestling.com\/nw\/wp-json\/wp\/v2\/posts\/186856\/revisions\/186864"}],"wp:featuredmedia":[{"embeddable":true,"href":"https:\/\/www.prwrestling.com\/nw\/wp-json\/wp\/v2\/media\/146189"}],"wp:attachment":[{"href":"https:\/\/www.prwrestling.com\/nw\/wp-json\/wp\/v2\/media?parent=186856"}],"wp:term":[{"taxonomy":"category","embeddable":true,"href":"https:\/\/www.prwrestling.com\/nw\/wp-json\/wp\/v2\/categories?post=186856"},{"taxonomy":"post_tag","embeddable":true,"href":"https:\/\/www.prwrestling.com\/nw\/wp-json\/wp\/v2\/tags?post=186856"}],"curies":[{"name":"wp","href":"https:\/\/api.w.org\/{rel}","templated":true}]}}