{"id":187319,"date":"2022-12-04T16:47:01","date_gmt":"2022-12-04T21:47:01","guid":{"rendered":"https:\/\/www.prwrestling.com\/nw\/?p=187319"},"modified":"2022-12-04T16:49:07","modified_gmt":"2022-12-04T21:49:07","slug":"reporte-william-regal-a-comenzar-en-wwe-al-comienzo-del-2023","status":"publish","type":"post","link":"https:\/\/www.prwrestling.com\/nw\/reporte-william-regal-a-comenzar-en-wwe-al-comienzo-del-2023\/","title":{"rendered":"Reporte: William Regal a comenzar en WWE a comienzos del 2023"},"content":{"rendered":"<p>Seg\u00fan los informes, William Regal comenzar\u00e1 de nuevo con WWE a principios de 2023.<!--more--><div id=\"ad-slot\" style=\"min-width: 300px; min-height: 250px;\">\r\n<p style=\"text-align: center;\">\r\n<!-- Site name: prwrestling.com\r\nZone name: prwrestling.com_banner_300x250\r\nZone id: 2109741734\r\nType: banner\r\nFormat: 300x250\r\n --> \r\n\r\n<!-- Copy and paste this code on the page. -->\r\n<div id='zone_2109741734' ><\/div>\r\n<script>\r\n    (function(w,d,o,g,r,a,m){\r\n        var cid='zone_2109741734';\r\n        w[r]=w[r]||function(){(w[r+'l']=w[r+'l']||[]).push(arguments)};\r\n        function e(b,w,r){if((w[r+'h']=b.pop())&&!w.ABN){\r\n            var a=d.createElement(o),p=d.getElementsByTagName(o)[0];a.async=1;\r\n            a.src='https:\/\/cdn.'+w[r+'h']+'\/libs\/e.js';a.onerror=function(){e(g,w,r)};\r\n            p.parentNode.insertBefore(a,p)}}e(g,w,r);\r\n        w[r](cid,{id:2109741734,domain:w[r+'h']});\r\n    })(window,document,'script',['traffmovie.com'],'ABNS');\r\n<\/script>\r\n\r\n<!--\r\nWhen setting the zone code, make sure:\r\n  - you have provided all domains from which the area code will be called\r\n  - the site does not limit the loading in the Content Security Policy\r\n  - the area code is installed in the ad space inside the page\r\n  - site layout allows you to display the banner on mobile devices in full size\r\nUse data-cp1={customParam1} data-cp2={customParam2}... attributes for sending custom params\r\n-->\r\n<\/p><\/div><br \/>\n<span style=\"vertical-align: inherit;\"><span style=\"vertical-align: inherit;\">Seg\u00fan un informe de <a href=\"http:\/\/PWInsider.com\" target=\"_blank\" rel=\"noopener\">PWInsider<\/a>, Regal actualmente est\u00e1 finalizando un nuevo acuerdo con WWE y se espera que regrese a la mepresa despu\u00e9s del nuevo a\u00f1o en un papel tras bastidores.\u00a0<\/span><\/span><\/p>\n<p><span style=\"vertical-align: inherit;\"><span style=\"vertical-align: inherit;\">La situaci\u00f3n de Regal fue abordada por Dave Meltzer en la edici\u00f3n del s\u00e1bado de <\/span><\/span><a href=\"https:\/\/www.f4wonline.com\/podcasts\/wrestling-observer-radio\/wrestling-observer-radio-the-rock-ufc-insider-betting-william-regal\" target=\"_blank\" rel=\"noopener\"><span style=\"vertical-align: inherit;\"><span style=\"vertical-align: inherit;\">Wrestling Observer Radio<\/span><\/span><\/a><span style=\"vertical-align: inherit;\"><span style=\"vertical-align: inherit;\"> . <\/span><span style=\"vertical-align: inherit;\">Meltzer se\u00f1al\u00f3 que deber\u00eda haber algo en AEW Dynamite esta semana que aborde la partida de Regal.\u00a0<\/span><\/span><\/p>\n<p><span style=\"vertical-align: inherit;\"><span class=\"\" style=\"vertical-align: inherit;\">&#8220;Creo que hay algo que va a estar en el programa del mi\u00e9rcoles, si no cambia, donde habr\u00e1 algo que aborde ciertas cosas. Se supone que esa historia continuar\u00e1 de alguna manera, pero [Regal] regresar\u00e1 a la WWE.&#8221;<\/span><\/span><br \/>\n<div id=\"ad-slot\" style=\"min-width: 300px; min-height: 250px;\"><p style=\"text-align: center;\">\r\n<script async src=\"https:\/\/pagead2.googlesyndication.com\/pagead\/js\/adsbygoogle.js\"><\/script>\r\n<!-- Responsive sc c -->\r\n<ins class=\"adsbygoogle\"\r\n     style=\"display:block\"\r\n     data-ad-client=\"ca-pub-1244235910658811\"\r\n     data-ad-slot=\"4234005358\"\r\n     data-ad-format=\"auto\"\r\n     data-full-width-responsive=\"true\"><\/ins>\r\n<script>\r\n     (adsbygoogle = window.adsbygoogle || []).push({});\r\n<\/script><\/p><\/div><br \/>\n<span style=\"vertical-align: inherit;\"><span style=\"vertical-align: inherit;\">Meltzer continuar\u00eda diciendo que escuch\u00f3 varias historias sobre el estado contractual de Regal con AEW.\u00a0<\/span><\/span><\/p>\n<p><span style=\"vertical-align: inherit;\"><span style=\"vertical-align: inherit;\">&#8220;Muchas personas diferentes me han contado tantas historias diferentes. La fuente principal es que su contrato era a corto plazo. El lado de la WWE dice que ten\u00eda una salida&#8221;.<\/span><\/span><\/p>\n<p><span style=\"vertical-align: inherit;\"><span style=\"vertical-align: inherit;\">Regal hizo su debut en AEW en Revolution el 6 de marzo de 2022.\u00a0<\/span><\/span><\/p>\n","protected":false},"excerpt":{"rendered":"<p>Seg\u00fan los informes, William Regal comenzar\u00e1 de nuevo con WWE a principios de 2023.<\/p>\n","protected":false},"author":1,"featured_media":145264,"comment_status":"closed","ping_status":"closed","sticky":false,"template":"","format":"standard","meta":{"footnotes":""},"categories":[5,38],"tags":[],"class_list":["post-187319","post","type-post","status-publish","format-standard","has-post-thumbnail","category-noticias","category-noticias-y-rumores-de-la-wwe"],"_links":{"self":[{"href":"https:\/\/www.prwrestling.com\/nw\/wp-json\/wp\/v2\/posts\/187319","targetHints":{"allow":["GET"]}}],"collection":[{"href":"https:\/\/www.prwrestling.com\/nw\/wp-json\/wp\/v2\/posts"}],"about":[{"href":"https:\/\/www.prwrestling.com\/nw\/wp-json\/wp\/v2\/types\/post"}],"author":[{"embeddable":true,"href":"https:\/\/www.prwrestling.com\/nw\/wp-json\/wp\/v2\/users\/1"}],"replies":[{"embeddable":true,"href":"https:\/\/www.prwrestling.com\/nw\/wp-json\/wp\/v2\/comments?post=187319"}],"version-history":[{"count":3,"href":"https:\/\/www.prwrestling.com\/nw\/wp-json\/wp\/v2\/posts\/187319\/revisions"}],"predecessor-version":[{"id":187324,"href":"https:\/\/www.prwrestling.com\/nw\/wp-json\/wp\/v2\/posts\/187319\/revisions\/187324"}],"wp:featuredmedia":[{"embeddable":true,"href":"https:\/\/www.prwrestling.com\/nw\/wp-json\/wp\/v2\/media\/145264"}],"wp:attachment":[{"href":"https:\/\/www.prwrestling.com\/nw\/wp-json\/wp\/v2\/media?parent=187319"}],"wp:term":[{"taxonomy":"category","embeddable":true,"href":"https:\/\/www.prwrestling.com\/nw\/wp-json\/wp\/v2\/categories?post=187319"},{"taxonomy":"post_tag","embeddable":true,"href":"https:\/\/www.prwrestling.com\/nw\/wp-json\/wp\/v2\/tags?post=187319"}],"curies":[{"name":"wp","href":"https:\/\/api.w.org\/{rel}","templated":true}]}}