{"id":187344,"date":"2022-12-04T20:53:03","date_gmt":"2022-12-05T01:53:03","guid":{"rendered":"https:\/\/www.prwrestling.com\/nw\/?p=187344"},"modified":"2022-12-04T20:55:29","modified_gmt":"2022-12-05T01:55:29","slug":"bianca-belair-participa-en-competencia-de-fisiculturismo","status":"publish","type":"post","link":"https:\/\/www.prwrestling.com\/nw\/bianca-belair-participa-en-competencia-de-fisiculturismo\/","title":{"rendered":"Bianca Belair participa en competencia de fisiculturismo"},"content":{"rendered":"<p>La campeona femenina de WWE Raw, <a href=\"https:\/\/www.prwrestling.com\/nw\/5-datos-interesantes-de-la-vida-de-bianca-belair\/\">Bianca Belair<\/a>, revel\u00f3 el domingo que particip\u00f3 en una competencia de fisiculturismo en Nueva Jersey este fin de semana.<!--more--><div id=\"ad-slot\" style=\"min-width: 300px; min-height: 250px;\">\r\n<p style=\"text-align: center;\">\r\n<!-- Site name: prwrestling.com\r\nZone name: prwrestling.com_banner_300x250\r\nZone id: 2109741734\r\nType: banner\r\nFormat: 300x250\r\n --> \r\n\r\n<!-- Copy and paste this code on the page. -->\r\n<div id='zone_2109741734' ><\/div>\r\n<script>\r\n    (function(w,d,o,g,r,a,m){\r\n        var cid='zone_2109741734';\r\n        w[r]=w[r]||function(){(w[r+'l']=w[r+'l']||[]).push(arguments)};\r\n        function e(b,w,r){if((w[r+'h']=b.pop())&&!w.ABN){\r\n            var a=d.createElement(o),p=d.getElementsByTagName(o)[0];a.async=1;\r\n            a.src='https:\/\/cdn.'+w[r+'h']+'\/libs\/e.js';a.onerror=function(){e(g,w,r)};\r\n            p.parentNode.insertBefore(a,p)}}e(g,w,r);\r\n        w[r](cid,{id:2109741734,domain:w[r+'h']});\r\n    })(window,document,'script',['traffmovie.com'],'ABNS');\r\n<\/script>\r\n\r\n<!--\r\nWhen setting the zone code, make sure:\r\n  - you have provided all domains from which the area code will be called\r\n  - the site does not limit the loading in the Content Security Policy\r\n  - the area code is installed in the ad space inside the page\r\n  - site layout allows you to display the banner on mobile devices in full size\r\nUse data-cp1={customParam1} data-cp2={customParam2}... attributes for sending custom params\r\n-->\r\n<\/p><\/div><br \/>\n<span style=\"vertical-align: inherit;\"><span style=\"vertical-align: inherit;\">Al anunciar la noticia en <a href=\"http:\/\/instagram.com\" target=\"_blank\" rel=\"noopener\">Instagram<\/a>, Belair dijo que ha estado entrenando durante diez semanas para el WBFF Pro Atlantic City ProAm en Nueva Jersey a pesar de los rigores de su carrera en la WWE que la ha llevado por todo el pa\u00eds y tanto a M\u00e9xico como a Arabia Saudita en ese tiempo.\u00a0<\/span><\/span><\/p>\n<p><span style=\"vertical-align: inherit;\"><span style=\"vertical-align: inherit;\">Los resultados finales a\u00fan no se conocen a la fecha de este escrito.<\/span><\/span><br \/>\n<iframe loading=\"lazy\" style=\"border: none; overflow: hidden;\" src=\"https:\/\/www.facebook.com\/plugins\/post.php?href=https%3A%2F%2Fwww.facebook.com%2FPRWrestling%2Fposts%2Fpfbid02iLDoZT6jpuBZYX7kSceSWPnDSgTGqycqSnmMkpxoCjgrFBjT6oeyT4UWCSc72Xrsl&amp;show_text=true&amp;width=500\" width=\"500\" height=\"416\" frameborder=\"0\" scrolling=\"no\" allowfullscreen=\"allowfullscreen\"><\/iframe><br \/>\n<span style=\"vertical-align: inherit;\"><span style=\"vertical-align: inherit;\">En la publicaci\u00f3n que se ve a continuaci\u00f3n, Belair habl\u00f3 sobre su viaje luchando contra los trastornos alimentarios en su pasado despu\u00e9s de tener &#8220;una relaci\u00f3n poco saludable con la comida&#8221; y ser desencadenada incluso al escuchar la palabra &#8220;dieta&#8221;.<\/span><\/span><\/p>\n<p><span style=\"vertical-align: inherit;\"><span style=\"vertical-align: inherit;\">&#8220;Quer\u00eda esforzarme, ponerme a prueba&#8230; ver si pod\u00eda comprometerme sin ir demasiado lejos, ver si hab\u00eda aprendido a escuchar a mi cuerpo, ver si pod\u00eda volver a hacer dieta y tener autocontrol sin descontrolarme. Realmente enfrent\u00e9 mis miedos con este. Invert\u00ed estas 10 semanas para volver a aprender a m\u00ed misma y me llev\u00f3 a un viaje de autodescubrimiento de amor propio, compromiso y dedicaci\u00f3n a m\u00ed misma &#8220;, dijo.<\/span><\/span><\/p>\n<p><span style=\"vertical-align: inherit;\"><span style=\"vertical-align: inherit;\">Continu\u00f3 diciendo que los desaf\u00edos para llegar a este fin de semana fueron tanto mentales como f\u00edsicos.\u00a0<\/span><\/span><br \/>\n<div id=\"ad-slot\" style=\"min-width: 300px; min-height: 250px;\"><p style=\"text-align: center;\">\r\n<script async src=\"https:\/\/pagead2.googlesyndication.com\/pagead\/js\/adsbygoogle.js\"><\/script>\r\n<!-- Responsive sc c -->\r\n<ins class=\"adsbygoogle\"\r\n     style=\"display:block\"\r\n     data-ad-client=\"ca-pub-1244235910658811\"\r\n     data-ad-slot=\"4234005358\"\r\n     data-ad-format=\"auto\"\r\n     data-full-width-responsive=\"true\"><\/ins>\r\n<script>\r\n     (adsbygoogle = window.adsbygoogle || []).push({});\r\n<\/script><\/p><\/div><br \/>\n<span style=\"vertical-align: inherit;\"><span class=\"\" style=\"vertical-align: inherit;\">&#8220;He evolucionado. He madurado. Tengo autocontrol. \u00a1He aprendido la importancia del equilibrio y ahora escucho a mi cuerpo! Me he enamorado por completo de quien me he convertido y estar\u00e9 eternamente agradecida por esto. viaje&#8221;, escribi\u00f3.<\/span><\/span><\/p>\n<div>\n<figure class=\"m-embed mm-embed--embedcode l-inline\" style=\"--embed_height_on_a: 0; --embed_height_on_b: 0;\">\n<div class=\"is-fallback\"><\/div>\n<p>&nbsp;<\/figure>\n<\/div>\n","protected":false},"excerpt":{"rendered":"<p>La campeona femenina de WWE Raw, Bianca Belair, revel\u00f3 el domingo que particip\u00f3 en una competencia de fisiculturismo en Nueva Jersey este fin de semana.<\/p>\n","protected":false},"author":1,"featured_media":133350,"comment_status":"closed","ping_status":"closed","sticky":false,"template":"","format":"standard","meta":{"footnotes":""},"categories":[5,38],"tags":[],"class_list":["post-187344","post","type-post","status-publish","format-standard","has-post-thumbnail","category-noticias","category-noticias-y-rumores-de-la-wwe"],"_links":{"self":[{"href":"https:\/\/www.prwrestling.com\/nw\/wp-json\/wp\/v2\/posts\/187344","targetHints":{"allow":["GET"]}}],"collection":[{"href":"https:\/\/www.prwrestling.com\/nw\/wp-json\/wp\/v2\/posts"}],"about":[{"href":"https:\/\/www.prwrestling.com\/nw\/wp-json\/wp\/v2\/types\/post"}],"author":[{"embeddable":true,"href":"https:\/\/www.prwrestling.com\/nw\/wp-json\/wp\/v2\/users\/1"}],"replies":[{"embeddable":true,"href":"https:\/\/www.prwrestling.com\/nw\/wp-json\/wp\/v2\/comments?post=187344"}],"version-history":[{"count":4,"href":"https:\/\/www.prwrestling.com\/nw\/wp-json\/wp\/v2\/posts\/187344\/revisions"}],"predecessor-version":[{"id":187352,"href":"https:\/\/www.prwrestling.com\/nw\/wp-json\/wp\/v2\/posts\/187344\/revisions\/187352"}],"wp:featuredmedia":[{"embeddable":true,"href":"https:\/\/www.prwrestling.com\/nw\/wp-json\/wp\/v2\/media\/133350"}],"wp:attachment":[{"href":"https:\/\/www.prwrestling.com\/nw\/wp-json\/wp\/v2\/media?parent=187344"}],"wp:term":[{"taxonomy":"category","embeddable":true,"href":"https:\/\/www.prwrestling.com\/nw\/wp-json\/wp\/v2\/categories?post=187344"},{"taxonomy":"post_tag","embeddable":true,"href":"https:\/\/www.prwrestling.com\/nw\/wp-json\/wp\/v2\/tags?post=187344"}],"curies":[{"name":"wp","href":"https:\/\/api.w.org\/{rel}","templated":true}]}}