{"id":188131,"date":"2022-12-09T17:25:31","date_gmt":"2022-12-09T22:25:31","guid":{"rendered":"https:\/\/www.prwrestling.com\/nw\/?p=188131"},"modified":"2022-12-09T17:25:31","modified_gmt":"2022-12-09T22:25:31","slug":"wwe-confirma-el-regreso-de-john-cena","status":"publish","type":"post","link":"https:\/\/www.prwrestling.com\/nw\/wwe-confirma-el-regreso-de-john-cena\/","title":{"rendered":"WWE confirma el regreso de John Cena"},"content":{"rendered":"<div>\n<p><span style=\"vertical-align: inherit;\"><span style=\"vertical-align: inherit;\">Seg\u00fan Joe Otterson de <\/span><\/span><a href=\"https:\/\/variety.com\/2022\/tv\/news\/john-cena-smackdown-dec-30-wwe-1235455796\/\" target=\"_blank\" rel=\"noopener\"><span style=\"vertical-align: inherit;\"><span style=\"vertical-align: inherit;\">Variety<\/span><\/span><\/a><span style=\"vertical-align: inherit;\"><span style=\"vertical-align: inherit;\"> , John Cena est\u00e1 programado para aparecer en el episodio del 30 de diciembre de SmackDown, que emanar\u00e1 de Amalie Arena en Tampa, Florida. <\/span><\/span><!--more--><div id=\"ad-slot\" style=\"min-width: 300px; min-height: 250px;\">\r\n<p style=\"text-align: center;\">\r\n<!-- Site name: prwrestling.com\r\nZone name: prwrestling.com_banner_300x250\r\nZone id: 2109741734\r\nType: banner\r\nFormat: 300x250\r\n --> \r\n\r\n<!-- Copy and paste this code on the page. -->\r\n<div id='zone_2109741734' ><\/div>\r\n<script>\r\n    (function(w,d,o,g,r,a,m){\r\n        var cid='zone_2109741734';\r\n        w[r]=w[r]||function(){(w[r+'l']=w[r+'l']||[]).push(arguments)};\r\n        function e(b,w,r){if((w[r+'h']=b.pop())&&!w.ABN){\r\n            var a=d.createElement(o),p=d.getElementsByTagName(o)[0];a.async=1;\r\n            a.src='https:\/\/cdn.'+w[r+'h']+'\/libs\/e.js';a.onerror=function(){e(g,w,r)};\r\n            p.parentNode.insertBefore(a,p)}}e(g,w,r);\r\n        w[r](cid,{id:2109741734,domain:w[r+'h']});\r\n    })(window,document,'script',['traffmovie.com'],'ABNS');\r\n<\/script>\r\n\r\n<!--\r\nWhen setting the zone code, make sure:\r\n  - you have provided all domains from which the area code will be called\r\n  - the site does not limit the loading in the Content Security Policy\r\n  - the area code is installed in the ad space inside the page\r\n  - site layout allows you to display the banner on mobile devices in full size\r\nUse data-cp1={customParam1} data-cp2={customParam2}... attributes for sending custom params\r\n-->\r\n<\/p><\/div><\/p>\n<p><span style=\"vertical-align: inherit;\"><span style=\"vertical-align: inherit;\">Por el momento, no se sabe qu\u00e9 har\u00e1 Cena durante ese episodio.<\/span><\/span><\/p>\n<p><span style=\"vertical-align: inherit;\"><span style=\"vertical-align: inherit;\">M\u00e1s tarde, WWE confirm\u00f3 el informe de Variety enviando un tweet a trav\u00e9s de su cuenta de Relaciones P\u00fablicas.<\/span><\/span><\/p>\n<blockquote class=\"wp-block-quote\"><p><span style=\"vertical-align: inherit;\"><span style=\"vertical-align: inherit;\">Como inform\u00f3 exclusivamente @Variety, @JohnCena aparecer\u00e1 en el <\/span><\/span><a href=\"https:\/\/twitter.com\/hashtag\/SmackDown?ref_src=twsrc%5Etfw%7Ctwcamp%5Etweetembed%7Ctwterm%5E1601281858347864065%7Ctwgr%5E6e2baa6b28f8be46d902b7727d6fbc549a316517%7Ctwcon%5Es1_&amp;ref_url=https%3A%2F%2Fwww.ringsidenews.com%2Fwp-admin%2Fpost.php%3Fpost%3D945385action%3Dedit&amp;src=hashtag_click\" target=\"_blank\" rel=\"noreferrer noopener\"><span style=\"vertical-align: inherit;\"><span style=\"vertical-align: inherit;\">#SmackDown<\/span><\/span><\/a><span style=\"vertical-align: inherit;\"><span style=\"vertical-align: inherit;\"> final de 2022.<\/span><\/span><\/p><\/blockquote>\n<p><span style=\"vertical-align: inherit;\"><span style=\"vertical-align: inherit;\">John Cena <\/span><\/span><span style=\"vertical-align: inherit;\"><span style=\"vertical-align: inherit;\">tambi\u00e9n est\u00e1 contratado para una filmaci\u00f3n antes de WrestleMania 39<\/span><\/span><span style=\"vertical-align: inherit;\"><span style=\"vertical-align: inherit;\"> . <\/span><\/span><\/p>\n<\/div>\n","protected":false},"excerpt":{"rendered":"<p>Seg\u00fan Joe Otterson de Variety , John Cena est\u00e1 programado para aparecer en el episodio del 30 de diciembre de SmackDown, que emanar\u00e1 de Amalie Arena en Tampa, Florida.<\/p>\n","protected":false},"author":1,"featured_media":176571,"comment_status":"closed","ping_status":"closed","sticky":false,"template":"","format":"standard","meta":{"footnotes":""},"categories":[5,38],"tags":[],"class_list":["post-188131","post","type-post","status-publish","format-standard","has-post-thumbnail","category-noticias","category-noticias-y-rumores-de-la-wwe"],"_links":{"self":[{"href":"https:\/\/www.prwrestling.com\/nw\/wp-json\/wp\/v2\/posts\/188131","targetHints":{"allow":["GET"]}}],"collection":[{"href":"https:\/\/www.prwrestling.com\/nw\/wp-json\/wp\/v2\/posts"}],"about":[{"href":"https:\/\/www.prwrestling.com\/nw\/wp-json\/wp\/v2\/types\/post"}],"author":[{"embeddable":true,"href":"https:\/\/www.prwrestling.com\/nw\/wp-json\/wp\/v2\/users\/1"}],"replies":[{"embeddable":true,"href":"https:\/\/www.prwrestling.com\/nw\/wp-json\/wp\/v2\/comments?post=188131"}],"version-history":[{"count":3,"href":"https:\/\/www.prwrestling.com\/nw\/wp-json\/wp\/v2\/posts\/188131\/revisions"}],"predecessor-version":[{"id":188161,"href":"https:\/\/www.prwrestling.com\/nw\/wp-json\/wp\/v2\/posts\/188131\/revisions\/188161"}],"wp:featuredmedia":[{"embeddable":true,"href":"https:\/\/www.prwrestling.com\/nw\/wp-json\/wp\/v2\/media\/176571"}],"wp:attachment":[{"href":"https:\/\/www.prwrestling.com\/nw\/wp-json\/wp\/v2\/media?parent=188131"}],"wp:term":[{"taxonomy":"category","embeddable":true,"href":"https:\/\/www.prwrestling.com\/nw\/wp-json\/wp\/v2\/categories?post=188131"},{"taxonomy":"post_tag","embeddable":true,"href":"https:\/\/www.prwrestling.com\/nw\/wp-json\/wp\/v2\/tags?post=188131"}],"curies":[{"name":"wp","href":"https:\/\/api.w.org\/{rel}","templated":true}]}}