{"id":188658,"date":"2022-12-12T14:54:05","date_gmt":"2022-12-12T19:54:05","guid":{"rendered":"https:\/\/www.prwrestling.com\/nw\/?p=188658"},"modified":"2022-12-12T14:54:41","modified_gmt":"2022-12-12T19:54:41","slug":"reporte-revelan-el-rol-de-william-regal-en-wwe","status":"publish","type":"post","link":"https:\/\/www.prwrestling.com\/nw\/reporte-revelan-el-rol-de-william-regal-en-wwe\/","title":{"rendered":"Reporte: Revelan el rol de William Regal en WWE"},"content":{"rendered":"<div>\n<p><span style=\"vertical-align: inherit;\"><span style=\"vertical-align: inherit;\">Seg\u00fan <a href=\"http:\/\/PWInsider.com\" target=\"_blank\" rel=\"noopener\">PW Insider<\/a>, William Regal asumir\u00e1 el cargo de vicepresidente en WWE a su regreso a la empresa. <\/span><\/span><!--more--><div id=\"ad-slot\" style=\"min-width: 300px; min-height: 250px;\">\r\n<p style=\"text-align: center;\">\r\n<!-- Site name: prwrestling.com\r\nZone name: prwrestling.com_banner_300x250\r\nZone id: 2109741734\r\nType: banner\r\nFormat: 300x250\r\n --> \r\n\r\n<!-- Copy and paste this code on the page. -->\r\n<div id='zone_2109741734' ><\/div>\r\n<script>\r\n    (function(w,d,o,g,r,a,m){\r\n        var cid='zone_2109741734';\r\n        w[r]=w[r]||function(){(w[r+'l']=w[r+'l']||[]).push(arguments)};\r\n        function e(b,w,r){if((w[r+'h']=b.pop())&&!w.ABN){\r\n            var a=d.createElement(o),p=d.getElementsByTagName(o)[0];a.async=1;\r\n            a.src='https:\/\/cdn.'+w[r+'h']+'\/libs\/e.js';a.onerror=function(){e(g,w,r)};\r\n            p.parentNode.insertBefore(a,p)}}e(g,w,r);\r\n        w[r](cid,{id:2109741734,domain:w[r+'h']});\r\n    })(window,document,'script',['traffmovie.com'],'ABNS');\r\n<\/script>\r\n\r\n<!--\r\nWhen setting the zone code, make sure:\r\n  - you have provided all domains from which the area code will be called\r\n  - the site does not limit the loading in the Content Security Policy\r\n  - the area code is installed in the ad space inside the page\r\n  - site layout allows you to display the banner on mobile devices in full size\r\nUse data-cp1={customParam1} data-cp2={customParam2}... attributes for sending custom params\r\n-->\r\n<\/p><\/div><\/p>\n<p><span style=\"vertical-align: inherit;\"><span style=\"vertical-align: inherit;\">Esto explica su entusiasmo por regresar al trabajo bajo el liderazgo de Triple H.<\/span><\/span><\/p>\n<blockquote class=\"wp-block-quote\"><p><span style=\"vertical-align: inherit;\"><span style=\"vertical-align: inherit;\">Fuentes de WWE han confirmado que William Regal ha llegado oficialmente a un acuerdo sobre su nuevo puesto en la compa\u00f1\u00eda y comenzar\u00e1 la primera semana de enero.<\/span><\/span><\/p>\n<p><span style=\"vertical-align: inherit;\"><span class=\"\" style=\"vertical-align: inherit;\">Nos dijeron que Regal tendr\u00e1 un puesto de vicepresidente en la empresa cuando regrese, pero no hemos escuchado cu\u00e1l ser\u00e1 su t\u00edtulo\/funci\u00f3n oficial.<\/span><\/span><\/p><\/blockquote>\n<p><span style=\"vertical-align: inherit;\"><span class=\"\" style=\"vertical-align: inherit;\">El presidente y gerente general de AEW, Tony Khan, revel\u00f3 durante el scrum de medios de ROH Final Battle que William Regal hab\u00eda solicitado no renovar su contrato actual para poder dejar la promoci\u00f3n para entrenar a su hijo, Charles Dempsey, y regresar a WWE bajo la nueva direcci\u00f3n por Triple H, alguien con quien Regal trabaj\u00f3 de cerca en NXT durante su \u00faltima estad\u00eda con la compa\u00f1\u00eda.<\/span><\/span><\/p>\n<\/div>\n","protected":false},"excerpt":{"rendered":"<p>Seg\u00fan PW Insider, William Regal asumir\u00e1 el cargo de vicepresidente en WWE a su regreso a la empresa.<\/p>\n","protected":false},"author":1,"featured_media":171264,"comment_status":"closed","ping_status":"closed","sticky":false,"template":"","format":"standard","meta":{"footnotes":""},"categories":[5,38],"tags":[],"class_list":["post-188658","post","type-post","status-publish","format-standard","has-post-thumbnail","category-noticias","category-noticias-y-rumores-de-la-wwe"],"_links":{"self":[{"href":"https:\/\/www.prwrestling.com\/nw\/wp-json\/wp\/v2\/posts\/188658","targetHints":{"allow":["GET"]}}],"collection":[{"href":"https:\/\/www.prwrestling.com\/nw\/wp-json\/wp\/v2\/posts"}],"about":[{"href":"https:\/\/www.prwrestling.com\/nw\/wp-json\/wp\/v2\/types\/post"}],"author":[{"embeddable":true,"href":"https:\/\/www.prwrestling.com\/nw\/wp-json\/wp\/v2\/users\/1"}],"replies":[{"embeddable":true,"href":"https:\/\/www.prwrestling.com\/nw\/wp-json\/wp\/v2\/comments?post=188658"}],"version-history":[{"count":3,"href":"https:\/\/www.prwrestling.com\/nw\/wp-json\/wp\/v2\/posts\/188658\/revisions"}],"predecessor-version":[{"id":188665,"href":"https:\/\/www.prwrestling.com\/nw\/wp-json\/wp\/v2\/posts\/188658\/revisions\/188665"}],"wp:featuredmedia":[{"embeddable":true,"href":"https:\/\/www.prwrestling.com\/nw\/wp-json\/wp\/v2\/media\/171264"}],"wp:attachment":[{"href":"https:\/\/www.prwrestling.com\/nw\/wp-json\/wp\/v2\/media?parent=188658"}],"wp:term":[{"taxonomy":"category","embeddable":true,"href":"https:\/\/www.prwrestling.com\/nw\/wp-json\/wp\/v2\/categories?post=188658"},{"taxonomy":"post_tag","embeddable":true,"href":"https:\/\/www.prwrestling.com\/nw\/wp-json\/wp\/v2\/tags?post=188658"}],"curies":[{"name":"wp","href":"https:\/\/api.w.org\/{rel}","templated":true}]}}