{"id":189556,"date":"2022-12-19T15:39:03","date_gmt":"2022-12-19T20:39:03","guid":{"rendered":"https:\/\/www.prwrestling.com\/nw\/?p=189556"},"modified":"2022-12-19T15:39:03","modified_gmt":"2022-12-19T20:39:03","slug":"acusan-a-john-laurinaitis-de-aprovecharse-de-otras-luchadoras-en-wwe","status":"publish","type":"post","link":"https:\/\/www.prwrestling.com\/nw\/acusan-a-john-laurinaitis-de-aprovecharse-de-otras-luchadoras-en-wwe\/","title":{"rendered":"Acusan a John Laurinaitis de aprovecharse de otras luchadoras en WWE"},"content":{"rendered":"<div>\n<p><span style=\"vertical-align: inherit;\"><span style=\"vertical-align: inherit;\">John Laurinaitis fue el Jefe de Relaciones con el Talento en WWE hasta que fue <\/span><\/span><span style=\"vertical-align: inherit;\"><span style=\"vertical-align: inherit;\">relevado de sus funciones tras la salida de Vince McMahon. <\/span><\/span><!--more--><div id=\"ad-slot\" style=\"min-width: 300px; min-height: 250px;\">\r\n<p style=\"text-align: center;\">\r\n<!-- Site name: prwrestling.com\r\nZone name: prwrestling.com_banner_300x250\r\nZone id: 2109741734\r\nType: banner\r\nFormat: 300x250\r\n --> \r\n\r\n<!-- Copy and paste this code on the page. -->\r\n<div id='zone_2109741734' ><\/div>\r\n<script>\r\n    (function(w,d,o,g,r,a,m){\r\n        var cid='zone_2109741734';\r\n        w[r]=w[r]||function(){(w[r+'l']=w[r+'l']||[]).push(arguments)};\r\n        function e(b,w,r){if((w[r+'h']=b.pop())&&!w.ABN){\r\n            var a=d.createElement(o),p=d.getElementsByTagName(o)[0];a.async=1;\r\n            a.src='https:\/\/cdn.'+w[r+'h']+'\/libs\/e.js';a.onerror=function(){e(g,w,r)};\r\n            p.parentNode.insertBefore(a,p)}}e(g,w,r);\r\n        w[r](cid,{id:2109741734,domain:w[r+'h']});\r\n    })(window,document,'script',['traffmovie.com'],'ABNS');\r\n<\/script>\r\n\r\n<!--\r\nWhen setting the zone code, make sure:\r\n  - you have provided all domains from which the area code will be called\r\n  - the site does not limit the loading in the Content Security Policy\r\n  - the area code is installed in the ad space inside the page\r\n  - site layout allows you to display the banner on mobile devices in full size\r\nUse data-cp1={customParam1} data-cp2={customParam2}... attributes for sending custom params\r\n-->\r\n<\/p><\/div><\/p>\n<p><span style=\"vertical-align: inherit;\"><span style=\"vertical-align: inherit;\">La semana pasada, Jim Ross coment\u00f3 que <\/span><\/span><span style=\"vertical-align: inherit;\"><span style=\"vertical-align: inherit;\">Laurinaitis merece quedarse sin trabajo<\/span><\/span><span style=\"vertical-align: inherit;\"><span style=\"vertical-align: inherit;\"> por presuntamente estar envuelto en relaciones con otras empleadas de la empresa.<\/span><\/span><\/p>\n<p><span style=\"vertical-align: inherit;\"><span style=\"vertical-align: inherit;\">Dutch Mantell abord\u00f3 los comentarios de Jim Ross en un episodio reciente de <\/span><\/span><a href=\"https:\/\/youtu.be\/AIhBT_qHUlY\" target=\"_blank\" rel=\"noopener\"><span style=\"vertical-align: inherit;\"><span style=\"vertical-align: inherit;\">Story Time con Dutch Mantell<\/span><\/span><\/a><span style=\"vertical-align: inherit;\"><span style=\"vertical-align: inherit;\"> diciendo que estaba sorprendido ya que Ross apenas hablaba mal de nadie.<\/span><\/span><\/p>\n<blockquote class=\"wp-block-quote\"><p><span style=\"vertical-align: inherit;\"><span style=\"vertical-align: inherit;\">&#8220;JR habla muy rara vez sobre las personas que no le agradan y esto de aqu\u00ed me sorprendi\u00f3 un poco que hablara sobre la Laurinaitis de esa manera&#8221;, dijo Mantell. <\/span><span style=\"vertical-align: inherit;\">\u201cNo hay duda de que no respeta a Laurinaitis con ese \u00faltimo comentario que hizo. <\/span><span style=\"vertical-align: inherit;\">Entonces, si est\u00e1 fuera del circuito, estoy de acuerdo con Jim. <\/span><span style=\"vertical-align: inherit;\">Se lo merece un poco\u201d, dijo Dutch Mantell.<\/span><\/span><\/p><\/blockquote>\n<p><div id=\"ad-slot\" style=\"min-width: 300px; min-height: 250px;\"><p style=\"text-align: center;\">\r\n<script async src=\"https:\/\/pagead2.googlesyndication.com\/pagead\/js\/adsbygoogle.js\"><\/script>\r\n<!-- Responsive sc c -->\r\n<ins class=\"adsbygoogle\"\r\n     style=\"display:block\"\r\n     data-ad-client=\"ca-pub-1244235910658811\"\r\n     data-ad-slot=\"4234005358\"\r\n     data-ad-format=\"auto\"\r\n     data-full-width-responsive=\"true\"><\/ins>\r\n<script>\r\n     (adsbygoogle = window.adsbygoogle || []).push({});\r\n<\/script><\/p><\/div><br \/>\n<span style=\"vertical-align: inherit;\"><span style=\"vertical-align: inherit;\">Mantell tambi\u00e9n record\u00f3 haber escuchado algunas historias sobre c\u00f3mo John Laurinaitis se aprovech\u00f3 de las f\u00e9minas en el vestuario.\u00a0<\/span><\/span><\/p>\n<blockquote class=\"wp-block-quote\"><p><span style=\"vertical-align: inherit;\"><span style=\"vertical-align: inherit;\">\u201cEscuch\u00e9 algunas historias sobre Laurinaitis y las chicas de la WWE. <\/span><span style=\"vertical-align: inherit;\">Algunas de esas chicas eran muy, muy buenas chicas. <\/span><span style=\"vertical-align: inherit;\">Han estado rodeadas de muchachos, pero nunca han estado en un vestidor con luchadores y el ambiente es diferente. <\/span><span style=\"vertical-align: inherit;\">Est\u00e1n tratando de encajar, est\u00e1n tratando de agradar a la gente, especialmente a la gerencia, y \u00e9l estaba tratando de aprovecharse de eso\u201d.<\/span><\/span><\/p><\/blockquote>\n<\/div>\n<div>\n<p>&nbsp;<\/p>\n<\/div>\n","protected":false},"excerpt":{"rendered":"<p>John Laurinaitis fue el Jefe de Relaciones con el Talento en WWE hasta que fue relevado de sus funciones tras la salida de Vince McMahon.<\/p>\n","protected":false},"author":1,"featured_media":130286,"comment_status":"closed","ping_status":"closed","sticky":false,"template":"","format":"standard","meta":{"footnotes":""},"categories":[5,38],"tags":[],"class_list":["post-189556","post","type-post","status-publish","format-standard","has-post-thumbnail","category-noticias","category-noticias-y-rumores-de-la-wwe"],"_links":{"self":[{"href":"https:\/\/www.prwrestling.com\/nw\/wp-json\/wp\/v2\/posts\/189556","targetHints":{"allow":["GET"]}}],"collection":[{"href":"https:\/\/www.prwrestling.com\/nw\/wp-json\/wp\/v2\/posts"}],"about":[{"href":"https:\/\/www.prwrestling.com\/nw\/wp-json\/wp\/v2\/types\/post"}],"author":[{"embeddable":true,"href":"https:\/\/www.prwrestling.com\/nw\/wp-json\/wp\/v2\/users\/1"}],"replies":[{"embeddable":true,"href":"https:\/\/www.prwrestling.com\/nw\/wp-json\/wp\/v2\/comments?post=189556"}],"version-history":[{"count":3,"href":"https:\/\/www.prwrestling.com\/nw\/wp-json\/wp\/v2\/posts\/189556\/revisions"}],"predecessor-version":[{"id":189561,"href":"https:\/\/www.prwrestling.com\/nw\/wp-json\/wp\/v2\/posts\/189556\/revisions\/189561"}],"wp:featuredmedia":[{"embeddable":true,"href":"https:\/\/www.prwrestling.com\/nw\/wp-json\/wp\/v2\/media\/130286"}],"wp:attachment":[{"href":"https:\/\/www.prwrestling.com\/nw\/wp-json\/wp\/v2\/media?parent=189556"}],"wp:term":[{"taxonomy":"category","embeddable":true,"href":"https:\/\/www.prwrestling.com\/nw\/wp-json\/wp\/v2\/categories?post=189556"},{"taxonomy":"post_tag","embeddable":true,"href":"https:\/\/www.prwrestling.com\/nw\/wp-json\/wp\/v2\/tags?post=189556"}],"curies":[{"name":"wp","href":"https:\/\/api.w.org\/{rel}","templated":true}]}}