{"id":189787,"date":"2022-12-21T16:33:40","date_gmt":"2022-12-21T21:33:40","guid":{"rendered":"https:\/\/www.prwrestling.com\/nw\/?p=189787"},"modified":"2022-12-21T16:33:40","modified_gmt":"2022-12-21T21:33:40","slug":"alberto-del-rio-no-ha-hablado-con-triple-h-sobre-un-regreso-a-wwe","status":"publish","type":"post","link":"https:\/\/www.prwrestling.com\/nw\/alberto-del-rio-no-ha-hablado-con-triple-h-sobre-un-regreso-a-wwe\/","title":{"rendered":"Alberto Del Rio no ha hablado con Triple H sobre un regreso a WWE"},"content":{"rendered":"<div>\n<p><span style=\"vertical-align: inherit;\"><span style=\"vertical-align: inherit;\">Desde que Triple H se hizo cargo de la creatividad de la WWE, han estado circulando rumores de que Alberto Del Rio podr\u00eda ser uno de los talentos que regresan a la compa\u00f1\u00eda. <\/span><\/span><!--more--><div id=\"ad-slot\" style=\"min-width: 300px; min-height: 250px;\">\r\n<p style=\"text-align: center;\">\r\n<!-- Site name: prwrestling.com\r\nZone name: prwrestling.com_banner_300x250\r\nZone id: 2109741734\r\nType: banner\r\nFormat: 300x250\r\n --> \r\n\r\n<!-- Copy and paste this code on the page. -->\r\n<div id='zone_2109741734' ><\/div>\r\n<script>\r\n    (function(w,d,o,g,r,a,m){\r\n        var cid='zone_2109741734';\r\n        w[r]=w[r]||function(){(w[r+'l']=w[r+'l']||[]).push(arguments)};\r\n        function e(b,w,r){if((w[r+'h']=b.pop())&&!w.ABN){\r\n            var a=d.createElement(o),p=d.getElementsByTagName(o)[0];a.async=1;\r\n            a.src='https:\/\/cdn.'+w[r+'h']+'\/libs\/e.js';a.onerror=function(){e(g,w,r)};\r\n            p.parentNode.insertBefore(a,p)}}e(g,w,r);\r\n        w[r](cid,{id:2109741734,domain:w[r+'h']});\r\n    })(window,document,'script',['traffmovie.com'],'ABNS');\r\n<\/script>\r\n\r\n<!--\r\nWhen setting the zone code, make sure:\r\n  - you have provided all domains from which the area code will be called\r\n  - the site does not limit the loading in the Content Security Policy\r\n  - the area code is installed in the ad space inside the page\r\n  - site layout allows you to display the banner on mobile devices in full size\r\nUse data-cp1={customParam1} data-cp2={customParam2}... attributes for sending custom params\r\n-->\r\n<\/p><\/div><\/p>\n<p><span style=\"vertical-align: inherit;\"><span style=\"vertical-align: inherit;\">Durante una entrevista reciente con <\/span><\/span><a href=\"http:\/\/wrestlingnews.co\" target=\"_blank\" rel=\"noopener\"><span style=\"vertical-align: inherit;\"><span style=\"vertical-align: inherit;\">Wrestling News<\/span><\/span><\/a><span style=\"vertical-align: inherit;\"><span style=\"vertical-align: inherit;\"> , Del Rio puso fin a esos rumores al decir que WWE no lo ha contactado con respecto a un regreso.<\/span><\/span><\/p>\n<blockquote class=\"wp-block-quote\"><p><span style=\"vertical-align: inherit;\"><span style=\"vertical-align: inherit;\">\u201cBueno, para ser honesto, no he hablado con la nueva administraci\u00f3n. <\/span><span style=\"vertical-align: inherit;\">Lo hice cuando John Laurinaitis estaba presente y tuvimos un par de llamadas telef\u00f3nicas que no llegaron a ninguna parte. <\/span><span style=\"vertical-align: inherit;\">Entonces sabes lo que est\u00e1 pasando, tenemos una nueva administraci\u00f3n haciendo cosas fant\u00e1sticas. <\/span><\/span><\/p>\n<p><span style=\"vertical-align: inherit;\"><span style=\"vertical-align: inherit;\">Por lo que s\u00e9 o lo que he le\u00eddo, los n\u00fameros en lo que respecta a los ratings y el dinero son fant\u00e1sticos. <\/span><span style=\"vertical-align: inherit;\">Tambi\u00e9n la forma en que se siente el talento tras bastidores y en el ring y todo, parece que este cambio ha sido para bien para la compa\u00f1\u00eda m\u00e1s grande del mundo\u201d, dijo Alberto Del R\u00edo.<\/span><\/span><\/p><\/blockquote>\n<p><div id=\"ad-slot\" style=\"min-width: 300px; min-height: 250px;\"><p style=\"text-align: center;\">\r\n<script async src=\"https:\/\/pagead2.googlesyndication.com\/pagead\/js\/adsbygoogle.js\"><\/script>\r\n<!-- Responsive sc c -->\r\n<ins class=\"adsbygoogle\"\r\n     style=\"display:block\"\r\n     data-ad-client=\"ca-pub-1244235910658811\"\r\n     data-ad-slot=\"4234005358\"\r\n     data-ad-format=\"auto\"\r\n     data-full-width-responsive=\"true\"><\/ins>\r\n<script>\r\n     (adsbygoogle = window.adsbygoogle || []).push({});\r\n<\/script><\/p><\/div><br \/>\n<span style=\"vertical-align: inherit;\"><span style=\"vertical-align: inherit;\">Durante la misma entrevista, Del Rio le dio cr\u00e9dito a John Laurinaitis por traerlo a la WWE.\u00a0<\/span><\/span><\/p>\n<blockquote class=\"wp-block-quote\"><p>\u201cSiempre fui uno de los chicos de Johnny. \u00c9l fue el que me encontr\u00f3. \u00c9l fue el que me llev\u00f3 a tener mi prueba. Creo que fue en la ciudad de Oklahoma, creo, no recuerdo muy bien pero \u00e9l fue quien me llev\u00f3 a Stanford, me mostr\u00f3 esa incre\u00edble sede y me subi\u00f3 a una limusina por primera vez en mi vida y todo eso. \u00c9l fue quien cre\u00f3 a Alberto Del R\u00edo. Recuerdo esos d\u00edas cuando \u00e9l me llev\u00f3 a un restaurante para conocer a Kevin Dunn y luego me llev\u00f3 a la oficina de Vince y me present\u00f3 a Vince McMahon, y bueno, el resto es historia.\u201d<\/p><\/blockquote>\n<p><span style=\"vertical-align: inherit;\"><span style=\"vertical-align: inherit;\">Tras su salida de la WWE, Alberto Del Rio continuar\u00eda ejerciendo su oficio en el circuito independiente a trav\u00e9s de los Estados Unidos y M\u00e9xico.<\/span><\/span><\/p>\n<\/div>\n","protected":false},"excerpt":{"rendered":"<p>Desde que Triple H se hizo cargo de la creatividad de la WWE, han estado circulando rumores de que Alberto Del Rio podr\u00eda ser uno de los talentos que regresan a la compa\u00f1\u00eda.<\/p>\n","protected":false},"author":1,"featured_media":131963,"comment_status":"closed","ping_status":"closed","sticky":false,"template":"","format":"standard","meta":{"footnotes":""},"categories":[5,38],"tags":[],"class_list":["post-189787","post","type-post","status-publish","format-standard","has-post-thumbnail","category-noticias","category-noticias-y-rumores-de-la-wwe"],"_links":{"self":[{"href":"https:\/\/www.prwrestling.com\/nw\/wp-json\/wp\/v2\/posts\/189787","targetHints":{"allow":["GET"]}}],"collection":[{"href":"https:\/\/www.prwrestling.com\/nw\/wp-json\/wp\/v2\/posts"}],"about":[{"href":"https:\/\/www.prwrestling.com\/nw\/wp-json\/wp\/v2\/types\/post"}],"author":[{"embeddable":true,"href":"https:\/\/www.prwrestling.com\/nw\/wp-json\/wp\/v2\/users\/1"}],"replies":[{"embeddable":true,"href":"https:\/\/www.prwrestling.com\/nw\/wp-json\/wp\/v2\/comments?post=189787"}],"version-history":[{"count":3,"href":"https:\/\/www.prwrestling.com\/nw\/wp-json\/wp\/v2\/posts\/189787\/revisions"}],"predecessor-version":[{"id":189797,"href":"https:\/\/www.prwrestling.com\/nw\/wp-json\/wp\/v2\/posts\/189787\/revisions\/189797"}],"wp:featuredmedia":[{"embeddable":true,"href":"https:\/\/www.prwrestling.com\/nw\/wp-json\/wp\/v2\/media\/131963"}],"wp:attachment":[{"href":"https:\/\/www.prwrestling.com\/nw\/wp-json\/wp\/v2\/media?parent=189787"}],"wp:term":[{"taxonomy":"category","embeddable":true,"href":"https:\/\/www.prwrestling.com\/nw\/wp-json\/wp\/v2\/categories?post=189787"},{"taxonomy":"post_tag","embeddable":true,"href":"https:\/\/www.prwrestling.com\/nw\/wp-json\/wp\/v2\/tags?post=189787"}],"curies":[{"name":"wp","href":"https:\/\/api.w.org\/{rel}","templated":true}]}}