{"id":190232,"date":"2022-12-26T10:35:42","date_gmt":"2022-12-26T15:35:42","guid":{"rendered":"https:\/\/www.prwrestling.com\/nw\/?p=190232"},"modified":"2022-12-26T10:35:42","modified_gmt":"2022-12-26T15:35:42","slug":"kurt-angle-comenta-sobre-si-trabajaria-con-aew","status":"publish","type":"post","link":"https:\/\/www.prwrestling.com\/nw\/kurt-angle-comenta-sobre-si-trabajaria-con-aew\/","title":{"rendered":"Kurt Angle comenta sobre si trabajar\u00eda con AEW"},"content":{"rendered":"<p><span style=\"vertical-align: inherit;\"><span style=\"vertical-align: inherit;\">Kurt Angle dio su opini\u00f3n sobre varios temas en el \u00faltimo episodio de su <\/span><\/span><a href=\"http:\/\/www.adfreeshows.com\/\" target=\"_blank\" rel=\"noopener\"><span style=\"vertical-align: inherit;\"><span style=\"vertical-align: inherit;\">Kurt Angle Show.\u00a0<\/span><\/span><\/a><!--more--><br \/>\n<span style=\"vertical-align: inherit;\"><span style=\"vertical-align: inherit;\">Durante el mismo, se le pregunt\u00f3 al miembro del Sal\u00f3n de la Fama de la WWE si alguna vez trabajar\u00e1 para AEW (All Elite Wrestling). <\/span><\/span><div id=\"ad-slot\" style=\"min-width: 300px; min-height: 250px;\">\r\n<p style=\"text-align: center;\">\r\n<!-- Site name: prwrestling.com\r\nZone name: prwrestling.com_banner_300x250\r\nZone id: 2109741734\r\nType: banner\r\nFormat: 300x250\r\n --> \r\n\r\n<!-- Copy and paste this code on the page. -->\r\n<div id='zone_2109741734' ><\/div>\r\n<script>\r\n    (function(w,d,o,g,r,a,m){\r\n        var cid='zone_2109741734';\r\n        w[r]=w[r]||function(){(w[r+'l']=w[r+'l']||[]).push(arguments)};\r\n        function e(b,w,r){if((w[r+'h']=b.pop())&&!w.ABN){\r\n            var a=d.createElement(o),p=d.getElementsByTagName(o)[0];a.async=1;\r\n            a.src='https:\/\/cdn.'+w[r+'h']+'\/libs\/e.js';a.onerror=function(){e(g,w,r)};\r\n            p.parentNode.insertBefore(a,p)}}e(g,w,r);\r\n        w[r](cid,{id:2109741734,domain:w[r+'h']});\r\n    })(window,document,'script',['traffmovie.com'],'ABNS');\r\n<\/script>\r\n\r\n<!--\r\nWhen setting the zone code, make sure:\r\n  - you have provided all domains from which the area code will be called\r\n  - the site does not limit the loading in the Content Security Policy\r\n  - the area code is installed in the ad space inside the page\r\n  - site layout allows you to display the banner on mobile devices in full size\r\nUse data-cp1={customParam1} data-cp2={customParam2}... attributes for sending custom params\r\n-->\r\n<\/p><\/div><\/p>\n<p><span style=\"vertical-align: inherit;\"><span style=\"vertical-align: inherit;\">Angle ha estado haciendo apariciones para WWE este a\u00f1o. Tras\u00a0<\/span><span style=\"vertical-align: inherit;\">retirarse de la acci\u00f3n en el ring en 2019, trabaj\u00f3 como productor antes de ser despedido debido a recortes presupuestarios al a\u00f1o siguiente:\u00a0<\/span><\/span><\/p>\n<blockquote><p><span style=\"vertical-align: inherit;\"><span style=\"vertical-align: inherit;\">\u201cHonestamente, ya sabes, habl\u00e9 con Tony un par de veces. <\/span><span style=\"vertical-align: inherit;\">Me met\u00ed y, ya sabes, le lanc\u00e9 algunos n\u00fameros que eran astron\u00f3micos, solo para ver si mord\u00eda. <\/span><span style=\"vertical-align: inherit;\">Pero Tony es un buen tipo. <\/span><span style=\"vertical-align: inherit;\">\u00c9l era un gran admirador m\u00edo. M<\/span><span style=\"vertical-align: inherit;\">e dijo que quer\u00eda en su empresa porque pensaba que era uno de sus luchadores favoritos. <\/span><span style=\"vertical-align: inherit;\">Supongo que era un gran fan\u00e1tico de la lucha libre mientras crec\u00eda. <\/span><\/span><\/p>\n<p><span style=\"vertical-align: inherit;\"><span style=\"vertical-align: inherit;\">Lo estaba considerando, pero ahora tengo una relaci\u00f3n tan s\u00f3lida con la WWE. <\/span><span style=\"vertical-align: inherit;\">Tengo un contrato de nostalgia con ellos. <\/span><span style=\"vertical-align: inherit;\">Hago mucha programaci\u00f3n en TV con WWE. <\/span><span style=\"vertical-align: inherit;\">As\u00ed que no creo que vaya a suceder, desafortunadamente, pero estoy feliz donde estoy. <\/span><\/span><br \/>\n<div id=\"ad-slot\" style=\"min-width: 300px; min-height: 250px;\"><p style=\"text-align: center;\">\r\n<script async src=\"https:\/\/pagead2.googlesyndication.com\/pagead\/js\/adsbygoogle.js\"><\/script>\r\n<!-- Responsive sc c -->\r\n<ins class=\"adsbygoogle\"\r\n     style=\"display:block\"\r\n     data-ad-client=\"ca-pub-1244235910658811\"\r\n     data-ad-slot=\"4234005358\"\r\n     data-ad-format=\"auto\"\r\n     data-full-width-responsive=\"true\"><\/ins>\r\n<script>\r\n     (adsbygoogle = window.adsbygoogle || []).push({});\r\n<\/script><\/p><\/div><br \/>\n<span style=\"vertical-align: inherit;\"><span style=\"vertical-align: inherit;\">Miro hacia atr\u00e1s y s\u00e9 que dej\u00e9 la WWE en 2006 y regres\u00e9 en 2017. No me arrepiento porque tuve una gran carrera en TNA, pero una peque\u00f1a parte de m\u00ed dice que desear\u00eda haberme quedado. <\/span><\/span><\/p>\n<p><span style=\"vertical-align: inherit;\"><span style=\"vertical-align: inherit;\">No puedo imaginar c\u00f3mo habr\u00eda sido mi carrera si hubiera continuado otros 11 a\u00f1os en la WWE. <\/span><span style=\"vertical-align: inherit;\">As\u00ed que ya sabes, estoy feliz de estar donde estoy ahora\u201d.<\/span><\/span><\/p><\/blockquote>\n<p>&nbsp;<\/p>\n","protected":false},"excerpt":{"rendered":"<p>Kurt Angle dio su opini\u00f3n sobre varios temas en el \u00faltimo episodio de su Kurt Angle Show.\u00a0<\/p>\n","protected":false},"author":1,"featured_media":190235,"comment_status":"closed","ping_status":"closed","sticky":false,"template":"","format":"standard","meta":{"footnotes":""},"categories":[5,38],"tags":[1660],"class_list":["post-190232","post","type-post","status-publish","format-standard","has-post-thumbnail","category-noticias","category-noticias-y-rumores-de-la-wwe","tag-kurt-angle"],"_links":{"self":[{"href":"https:\/\/www.prwrestling.com\/nw\/wp-json\/wp\/v2\/posts\/190232","targetHints":{"allow":["GET"]}}],"collection":[{"href":"https:\/\/www.prwrestling.com\/nw\/wp-json\/wp\/v2\/posts"}],"about":[{"href":"https:\/\/www.prwrestling.com\/nw\/wp-json\/wp\/v2\/types\/post"}],"author":[{"embeddable":true,"href":"https:\/\/www.prwrestling.com\/nw\/wp-json\/wp\/v2\/users\/1"}],"replies":[{"embeddable":true,"href":"https:\/\/www.prwrestling.com\/nw\/wp-json\/wp\/v2\/comments?post=190232"}],"version-history":[{"count":3,"href":"https:\/\/www.prwrestling.com\/nw\/wp-json\/wp\/v2\/posts\/190232\/revisions"}],"predecessor-version":[{"id":190237,"href":"https:\/\/www.prwrestling.com\/nw\/wp-json\/wp\/v2\/posts\/190232\/revisions\/190237"}],"wp:featuredmedia":[{"embeddable":true,"href":"https:\/\/www.prwrestling.com\/nw\/wp-json\/wp\/v2\/media\/190235"}],"wp:attachment":[{"href":"https:\/\/www.prwrestling.com\/nw\/wp-json\/wp\/v2\/media?parent=190232"}],"wp:term":[{"taxonomy":"category","embeddable":true,"href":"https:\/\/www.prwrestling.com\/nw\/wp-json\/wp\/v2\/categories?post=190232"},{"taxonomy":"post_tag","embeddable":true,"href":"https:\/\/www.prwrestling.com\/nw\/wp-json\/wp\/v2\/tags?post=190232"}],"curies":[{"name":"wp","href":"https:\/\/api.w.org\/{rel}","templated":true}]}}