{"id":190312,"date":"2022-12-27T08:34:07","date_gmt":"2022-12-27T13:34:07","guid":{"rendered":"https:\/\/www.prwrestling.com\/nw\/?p=190312"},"modified":"2022-12-27T08:34:07","modified_gmt":"2022-12-27T13:34:07","slug":"matt-hardy-explica-la-conducta-erratica-de-vince-mcmahon-tras-bastidores-en-wwe","status":"publish","type":"post","link":"https:\/\/www.prwrestling.com\/nw\/matt-hardy-explica-la-conducta-erratica-de-vince-mcmahon-tras-bastidores-en-wwe\/","title":{"rendered":"Matt Hardy explica la conducta &#8220;err\u00e1tica&#8221; de Vince McMahon tras bastidores en WWE"},"content":{"rendered":"<p><span style=\"vertical-align: inherit;\"><span style=\"vertical-align: inherit;\">En el \u00faltimo episodio del podcast \u201c <\/span><\/span><a href=\"https:\/\/podcasts.apple.com\/us\/podcast\/the-extreme-life-of-matt-hardy\/id1602252129\" target=\"_blank\" rel=\"noopener\"><span style=\"vertical-align: inherit;\"><span style=\"vertical-align: inherit;\">Extreme Life of Matt Hardy<\/span><\/span><\/a><span style=\"vertical-align: inherit;\"><span style=\"vertical-align: inherit;\"> \u201d, la estrella de AEW discuti\u00f3 una amplia gama de temas.\u00a0<\/span><\/span><!--more--><div id=\"ad-slot\" style=\"min-width: 300px; min-height: 250px;\">\r\n<p style=\"text-align: center;\">\r\n<script async src=\"https:\/\/pagead2.googlesyndication.com\/pagead\/js\/adsbygoogle.js\"><\/script>\r\n<!-- 300x250 sc a -->\r\n<ins class=\"adsbygoogle\"\r\n     style=\"display:inline-block;width:300px;height:250px\"\r\n     data-ad-client=\"ca-pub-1244235910658811\"\r\n     data-ad-slot=\"8592682546\"><\/ins>\r\n<script>\r\n     (adsbygoogle = window.adsbygoogle || []).push({});\r\n<\/script><\/center>\r\n<\/p><\/div><\/p>\n<p><span style=\"vertical-align: inherit;\"><span style=\"vertical-align: inherit;\">Durante el mismo, Hardy record\u00f3 c\u00f3mo era trabajar con alguien tan impredecible como Vince McMahon en la WWE.\u00a0<\/span><\/span><\/p>\n<blockquote><p><span style=\"vertical-align: inherit;\"><span style=\"vertical-align: inherit;\">\u201cLo he visto renunciar a la gente por lanzar un mal golpe, ya sabes, lo que sea. E<\/span><span style=\"vertical-align: inherit;\">s muy pr\u00e1ctico. <\/span><span style=\"vertical-align: inherit;\">Ya sabes, solo como, veo esto, me gusta esta persona, lo cuido. <\/span><span style=\"vertical-align: inherit;\">Oh, vi esto, fue terrible, s\u00e1calos de aqu\u00ed, desp\u00eddelos, dile que se vaya a casa, lo que sea. <\/span><\/span><\/p>\n<p><span style=\"vertical-align: inherit;\"><span style=\"vertical-align: inherit;\">Quiero decir, he visto una conducta muy err\u00e1tica. <\/span><span style=\"vertical-align: inherit;\">No quer\u00eda decir comportamiento err\u00e1tico. <\/span><span style=\"vertical-align: inherit;\">Pero quiero decir, tambi\u00e9n he visto una conducta muy err\u00e1tica en el comportamiento de Vince, cuando se trata de tomar decisiones como esa.<\/span><\/span><\/p>\n<p><span style=\"vertical-align: inherit;\"><span style=\"vertical-align: inherit;\">Si alguien lo frota de la manera correcta, y \u00e9l apoya a esa persona, por lo general lo respalda de manera bastante s\u00f3lida. <\/span><span style=\"vertical-align: inherit;\">Ya sabes, tienes que hacer mucho para gustar, enojar a Vince si le gustas leg\u00edtimamente.<\/span><\/span><div id=\"ad-slot\" style=\"min-width: 300px; min-height: 250px;\"><p style=\"text-align: center;\">\r\n<script async src=\"https:\/\/pagead2.googlesyndication.com\/pagead\/js\/adsbygoogle.js\"><\/script>\r\n<!-- Responsive sc c -->\r\n<ins class=\"adsbygoogle\"\r\n     style=\"display:block\"\r\n     data-ad-client=\"ca-pub-1244235910658811\"\r\n     data-ad-slot=\"4234005358\"\r\n     data-ad-format=\"auto\"\r\n     data-full-width-responsive=\"true\"><\/ins>\r\n<script>\r\n     (adsbygoogle = window.adsbygoogle || []).push({});\r\n<\/script><\/p><\/div><\/p>\n<p><span style=\"vertical-align: inherit;\"><span style=\"vertical-align: inherit;\">Pero hay algunas personas con las que est\u00e1 comenzando a formar un v\u00ednculo, simplemente hay algo que, ya sabes, lo molesta. <\/span><span style=\"vertical-align: inherit;\">Y \u00e9l puede cortarlos desde el principio, y simplemente no darles una oportunidad\u201d.<\/span><\/span><\/p><\/blockquote>\n","protected":false},"excerpt":{"rendered":"<p>En el \u00faltimo episodio del podcast \u201c Extreme Life of Matt Hardy \u201d, la estrella de AEW discuti\u00f3 una amplia gama de temas.\u00a0<\/p>\n","protected":false},"author":1,"featured_media":190319,"comment_status":"closed","ping_status":"closed","sticky":false,"template":"","format":"standard","meta":{"footnotes":""},"categories":[5,38],"tags":[1359],"class_list":{"0":"post-190312","1":"post","2":"type-post","3":"status-publish","4":"format-standard","5":"has-post-thumbnail","7":"category-noticias","8":"category-noticias-y-rumores-de-la-wwe","9":"tag-vince-mcmahon"},"_links":{"self":[{"href":"https:\/\/www.prwrestling.com\/nw\/wp-json\/wp\/v2\/posts\/190312","targetHints":{"allow":["GET"]}}],"collection":[{"href":"https:\/\/www.prwrestling.com\/nw\/wp-json\/wp\/v2\/posts"}],"about":[{"href":"https:\/\/www.prwrestling.com\/nw\/wp-json\/wp\/v2\/types\/post"}],"author":[{"embeddable":true,"href":"https:\/\/www.prwrestling.com\/nw\/wp-json\/wp\/v2\/users\/1"}],"replies":[{"embeddable":true,"href":"https:\/\/www.prwrestling.com\/nw\/wp-json\/wp\/v2\/comments?post=190312"}],"version-history":[{"count":3,"href":"https:\/\/www.prwrestling.com\/nw\/wp-json\/wp\/v2\/posts\/190312\/revisions"}],"predecessor-version":[{"id":190321,"href":"https:\/\/www.prwrestling.com\/nw\/wp-json\/wp\/v2\/posts\/190312\/revisions\/190321"}],"wp:featuredmedia":[{"embeddable":true,"href":"https:\/\/www.prwrestling.com\/nw\/wp-json\/wp\/v2\/media\/190319"}],"wp:attachment":[{"href":"https:\/\/www.prwrestling.com\/nw\/wp-json\/wp\/v2\/media?parent=190312"}],"wp:term":[{"taxonomy":"category","embeddable":true,"href":"https:\/\/www.prwrestling.com\/nw\/wp-json\/wp\/v2\/categories?post=190312"},{"taxonomy":"post_tag","embeddable":true,"href":"https:\/\/www.prwrestling.com\/nw\/wp-json\/wp\/v2\/tags?post=190312"}],"curies":[{"name":"wp","href":"https:\/\/api.w.org\/{rel}","templated":true}]}}