{"id":190476,"date":"2022-12-28T12:37:49","date_gmt":"2022-12-28T17:37:49","guid":{"rendered":"https:\/\/www.prwrestling.com\/nw\/?p=190476"},"modified":"2022-12-28T12:37:49","modified_gmt":"2022-12-28T17:37:49","slug":"emma-explica-su-decision-de-dejar-impact-para-ir-a-wwe","status":"publish","type":"post","link":"https:\/\/www.prwrestling.com\/nw\/emma-explica-su-decision-de-dejar-impact-para-ir-a-wwe\/","title":{"rendered":"Emma explica su decisi\u00f3n de dejar Impact para ir a WWE"},"content":{"rendered":"<div>\n<p><span style=\"vertical-align: inherit;\"><span style=\"vertical-align: inherit;\">Emma <\/span><\/span><span style=\"vertical-align: inherit;\"><span style=\"vertical-align: inherit;\">fue la \u00faltima invitada en <\/span><\/span><a href=\"https:\/\/podcasts.apple.com\/us\/podcast\/out-of-character-with-ryan-satin\/id1559678933\" target=\"_blank\" rel=\"noopener\"><span style=\"vertical-align: inherit;\"><span style=\"vertical-align: inherit;\">el podcast Out of Character de Ryan Satin<\/span><\/span><\/a><span style=\"vertical-align: inherit;\"><span style=\"vertical-align: inherit;\"> , donde habl\u00f3 sobre su regreso a la WWE tras\u00a0 varios a\u00f1os de ausencia<\/span><span style=\"vertical-align: inherit;\">.<\/span><\/span><!--more--><div id=\"ad-slot\" style=\"min-width: 300px; min-height: 250px;\">\r\n<p style=\"text-align: center;\">\r\n<script async src=\"https:\/\/pagead2.googlesyndication.com\/pagead\/js\/adsbygoogle.js\"><\/script>\r\n<!-- 300x250 sc a -->\r\n<ins class=\"adsbygoogle\"\r\n     style=\"display:inline-block;width:300px;height:250px\"\r\n     data-ad-client=\"ca-pub-1244235910658811\"\r\n     data-ad-slot=\"8592682546\"><\/ins>\r\n<script>\r\n     (adsbygoogle = window.adsbygoogle || []).push({});\r\n<\/script><\/center>\r\n<\/p><\/div><\/p>\n<p><span style=\"vertical-align: inherit;\"><span style=\"vertical-align: inherit;\">Sobre su decisi\u00f3n de regresar a la WWE despu\u00e9s de que termin\u00f3 su carrera con IMPACT:<\/span><\/span><\/p>\n<blockquote><p><span style=\"vertical-align: inherit;\"><span style=\"vertical-align: inherit;\">Supongo que habr\u00eda sido unos meses despu\u00e9s de que Triple H regresara. <\/span><span style=\"vertical-align: inherit;\">Estaba trabajando con IMPACT y el fin de mi contrato se acercaba. <\/span><span style=\"vertical-align: inherit;\">Tal vez, sin siquiera darme cuenta, ten\u00eda esta idea en mente de que tal vez ya termin\u00e9 con IMPACT y tal vez hay otras opciones que deber\u00eda explorar y ver qu\u00e9 es posible. <\/span><span style=\"vertical-align: inherit;\">Probablemente eso vino de m\u00ed viendo WWE y viendo todos estos cambios incre\u00edbles con Triple H y lo que estaba haciendo, y s\u00e9 que tuve una buena relaci\u00f3n con \u00e9l y todo lo que hicimos en NXT. <\/span><\/span><\/p>\n<p><span style=\"vertical-align: inherit;\"><span style=\"vertical-align: inherit;\">Probablemente, en el fondo de mi mente, comenc\u00e9 a pensar: &#8216;Me pregunto si realmente podr\u00eda volver a la WWE&#8217;. <\/span><span style=\"vertical-align: inherit;\">Fue poco tiempo despu\u00e9s de eso, probablemente un mes o dos, que terminamos en contacto. <\/span><span style=\"vertical-align: inherit;\">Me dijo que hab\u00eda tenido la intenci\u00f3n de contactarme incluso antes, que yo hab\u00eda estado en su lista y que simplemente estaba abrumado, como se puede imaginar. <\/span><\/span><\/p>\n<p><span style=\"vertical-align: inherit;\"><span style=\"vertical-align: inherit;\">Ah\u00ed es donde la conversaci\u00f3n finalmente comenz\u00f3 y luego continu\u00f3 desde all\u00ed. <\/span><span style=\"vertical-align: inherit;\">Lo siguiente que sabes es que en realidad estoy de vuelta. <\/span><span style=\"vertical-align: inherit;\">Brome\u00e9 sobre eso tantas veces que de repente fue como, &#8216;Esto realmente est\u00e1 sucediendo, regresar\u00e9 a la WWE despu\u00e9s de cinco a\u00f1os&#8217;.<\/span><\/span><\/p><\/blockquote>\n<p><div id=\"ad-slot\" style=\"min-width: 300px; min-height: 250px;\"><p style=\"text-align: center;\">\r\n<script async src=\"https:\/\/pagead2.googlesyndication.com\/pagead\/js\/adsbygoogle.js\"><\/script>\r\n<!-- Responsive sc c -->\r\n<ins class=\"adsbygoogle\"\r\n     style=\"display:block\"\r\n     data-ad-client=\"ca-pub-1244235910658811\"\r\n     data-ad-slot=\"4234005358\"\r\n     data-ad-format=\"auto\"\r\n     data-full-width-responsive=\"true\"><\/ins>\r\n<script>\r\n     (adsbygoogle = window.adsbygoogle || []).push({});\r\n<\/script><\/p><\/div><br \/>\n<span style=\"vertical-align: inherit;\"><span style=\"vertical-align: inherit;\">Sobre emparejarse con su novio Madcap Moss en la TV:<\/span><\/span><\/p>\n<blockquote><p><span style=\"vertical-align: inherit;\"><span style=\"vertical-align: inherit;\">Todav\u00eda me pellizco a veces porque realmente disfruto lo que hago. <\/span><span style=\"vertical-align: inherit;\">Incluso Madcap y yo bromeamos al respecto tantas veces, &#8216;imagina si trabaj\u00e1ramos juntos&#8217; y todas estas historias sobre las que brome\u00e1bamos y las cosas que har\u00edamos, y luego termino de nuevo, en el mismo programa que \u00e9l, y luego en una historia juntos, que nunca hab\u00edamos discutido. <\/span><span style=\"vertical-align: inherit;\">Bromeamos, pero en realidad nunca pensamos que suceder\u00eda y no lo discutimos con otras personas.<\/span><\/span><\/p><\/blockquote>\n<\/div>\n","protected":false},"excerpt":{"rendered":"<p>Emma fue la \u00faltima invitada en el podcast Out of Character de Ryan Satin , donde habl\u00f3 sobre su regreso a la WWE tras\u00a0 varios a\u00f1os de ausencia.<\/p>\n","protected":false},"author":1,"featured_media":190483,"comment_status":"closed","ping_status":"closed","sticky":false,"template":"","format":"standard","meta":{"footnotes":""},"categories":[5,38],"tags":[],"class_list":{"0":"post-190476","1":"post","2":"type-post","3":"status-publish","4":"format-standard","5":"has-post-thumbnail","7":"category-noticias","8":"category-noticias-y-rumores-de-la-wwe"},"_links":{"self":[{"href":"https:\/\/www.prwrestling.com\/nw\/wp-json\/wp\/v2\/posts\/190476","targetHints":{"allow":["GET"]}}],"collection":[{"href":"https:\/\/www.prwrestling.com\/nw\/wp-json\/wp\/v2\/posts"}],"about":[{"href":"https:\/\/www.prwrestling.com\/nw\/wp-json\/wp\/v2\/types\/post"}],"author":[{"embeddable":true,"href":"https:\/\/www.prwrestling.com\/nw\/wp-json\/wp\/v2\/users\/1"}],"replies":[{"embeddable":true,"href":"https:\/\/www.prwrestling.com\/nw\/wp-json\/wp\/v2\/comments?post=190476"}],"version-history":[{"count":3,"href":"https:\/\/www.prwrestling.com\/nw\/wp-json\/wp\/v2\/posts\/190476\/revisions"}],"predecessor-version":[{"id":190482,"href":"https:\/\/www.prwrestling.com\/nw\/wp-json\/wp\/v2\/posts\/190476\/revisions\/190482"}],"wp:featuredmedia":[{"embeddable":true,"href":"https:\/\/www.prwrestling.com\/nw\/wp-json\/wp\/v2\/media\/190483"}],"wp:attachment":[{"href":"https:\/\/www.prwrestling.com\/nw\/wp-json\/wp\/v2\/media?parent=190476"}],"wp:term":[{"taxonomy":"category","embeddable":true,"href":"https:\/\/www.prwrestling.com\/nw\/wp-json\/wp\/v2\/categories?post=190476"},{"taxonomy":"post_tag","embeddable":true,"href":"https:\/\/www.prwrestling.com\/nw\/wp-json\/wp\/v2\/tags?post=190476"}],"curies":[{"name":"wp","href":"https:\/\/api.w.org\/{rel}","templated":true}]}}