{"id":190839,"date":"2022-12-31T09:51:45","date_gmt":"2022-12-31T14:51:45","guid":{"rendered":"https:\/\/www.prwrestling.com\/nw\/?p=190839"},"modified":"2022-12-31T09:51:45","modified_gmt":"2022-12-31T14:51:45","slug":"batista-y-ric-flair-estuvieron-tras-bastidores-en-wwe-smackdown","status":"publish","type":"post","link":"https:\/\/www.prwrestling.com\/nw\/batista-y-ric-flair-estuvieron-tras-bastidores-en-wwe-smackdown\/","title":{"rendered":"Batista y Ric Flair estuvieron tras bastidores en WWE SmackDown"},"content":{"rendered":"<div>\n<p><span style=\"vertical-align: inherit;\"><span style=\"vertical-align: inherit;\">El episodio del viernes de WWE SmackDown fue de inter\u00e9s cuando John Cena compiti\u00f3 en su primer combate desde 2021, y tanto Drew McIntyre como Charlotte Flair regresaron a la TV de WWE.<\/span><\/span><!--more--><div id=\"ad-slot\" style=\"min-width: 300px; min-height: 250px;\">\r\n<p style=\"text-align: center;\">\r\n<!-- Site name: prwrestling.com\r\nZone name: prwrestling.com_banner_300x250\r\nZone id: 2109741734\r\nType: banner\r\nFormat: 300x250\r\n --> \r\n\r\n<!-- Copy and paste this code on the page. -->\r\n<div id='zone_2109741734' ><\/div>\r\n<script>\r\n    (function(w,d,o,g,r,a,m){\r\n        var cid='zone_2109741734';\r\n        w[r]=w[r]||function(){(w[r+'l']=w[r+'l']||[]).push(arguments)};\r\n        function e(b,w,r){if((w[r+'h']=b.pop())&&!w.ABN){\r\n            var a=d.createElement(o),p=d.getElementsByTagName(o)[0];a.async=1;\r\n            a.src='https:\/\/cdn.'+w[r+'h']+'\/libs\/e.js';a.onerror=function(){e(g,w,r)};\r\n            p.parentNode.insertBefore(a,p)}}e(g,w,r);\r\n        w[r](cid,{id:2109741734,domain:w[r+'h']});\r\n    })(window,document,'script',['traffmovie.com'],'ABNS');\r\n<\/script>\r\n\r\n<!--\r\nWhen setting the zone code, make sure:\r\n  - you have provided all domains from which the area code will be called\r\n  - the site does not limit the loading in the Content Security Policy\r\n  - the area code is installed in the ad space inside the page\r\n  - site layout allows you to display the banner on mobile devices in full size\r\nUse data-cp1={customParam1} data-cp2={customParam2}... attributes for sending custom params\r\n-->\r\n<\/p><\/div><\/p>\n<p><span style=\"vertical-align: inherit;\"><span style=\"vertical-align: inherit;\">Tambi\u00e9n asistieron algunos nombres destacados. <\/span><span style=\"vertical-align: inherit;\">Pwinsider.com inform\u00f3 que Ric Flair estaba tras bastidores en el espect\u00e1culo.<\/span><\/span><\/p>\n<p><span style=\"vertical-align: inherit;\"><span style=\"vertical-align: inherit;\">Adem\u00e1s, Titus O&#8217;Neil, quien ahora trabaja como Embajador Global de WWE, comparti\u00f3 una foto de s\u00ed mismo abrazando a Dave Bautista (Batista), quien se confirm\u00f3 tambi\u00e9n estuvo presente en el show. <\/span><\/span><\/p>\n<blockquote class=\"twitter-tweet\">\n<p dir=\"ltr\" lang=\"en\"><a href=\"https:\/\/twitter.com\/hashtag\/SmackDown?src=hash&amp;ref_src=twsrc%5Etfw\" target=\"_blank\" rel=\"noopener\">#SmackDown<\/a> Was Awesome tonight and always Great to see all of my <a href=\"https:\/\/twitter.com\/WWE?ref_src=twsrc%5Etfw\" target=\"_blank\" rel=\"noopener\">@WWE<\/a> Family &#x2764;&#xfe0f; <a href=\"https:\/\/t.co\/V7qtVc8H6x\">pic.twitter.com\/V7qtVc8H6x<\/a><\/p>\n<p>\u2014 Titus O&#8217;Neil (@TitusONeilWWE) <a href=\"https:\/\/twitter.com\/TitusONeilWWE\/status\/1609035545812008962?ref_src=twsrc%5Etfw\" target=\"_blank\" rel=\"noopener\">December 31, 2022<\/a><\/p><\/blockquote>\n<p><script async src=\"https:\/\/platform.twitter.com\/widgets.js\" charset=\"utf-8\"><\/script>Batista tuvo su combate de retiro contra Triple H en WrestleMania 35 y ha tenido mucho \u00e9xito en su carrera como actor.<\/p>\n<\/div>\n","protected":false},"excerpt":{"rendered":"<p>El episodio del viernes de WWE SmackDown fue de inter\u00e9s cuando John Cena compiti\u00f3 en su primer combate desde 2021, y tanto Drew McIntyre como Charlotte Flair regresaron a la TV de WWE.<\/p>\n","protected":false},"author":1,"featured_media":190843,"comment_status":"closed","ping_status":"closed","sticky":false,"template":"","format":"standard","meta":{"footnotes":""},"categories":[5,38],"tags":[],"class_list":["post-190839","post","type-post","status-publish","format-standard","has-post-thumbnail","category-noticias","category-noticias-y-rumores-de-la-wwe"],"_links":{"self":[{"href":"https:\/\/www.prwrestling.com\/nw\/wp-json\/wp\/v2\/posts\/190839","targetHints":{"allow":["GET"]}}],"collection":[{"href":"https:\/\/www.prwrestling.com\/nw\/wp-json\/wp\/v2\/posts"}],"about":[{"href":"https:\/\/www.prwrestling.com\/nw\/wp-json\/wp\/v2\/types\/post"}],"author":[{"embeddable":true,"href":"https:\/\/www.prwrestling.com\/nw\/wp-json\/wp\/v2\/users\/1"}],"replies":[{"embeddable":true,"href":"https:\/\/www.prwrestling.com\/nw\/wp-json\/wp\/v2\/comments?post=190839"}],"version-history":[{"count":3,"href":"https:\/\/www.prwrestling.com\/nw\/wp-json\/wp\/v2\/posts\/190839\/revisions"}],"predecessor-version":[{"id":190845,"href":"https:\/\/www.prwrestling.com\/nw\/wp-json\/wp\/v2\/posts\/190839\/revisions\/190845"}],"wp:featuredmedia":[{"embeddable":true,"href":"https:\/\/www.prwrestling.com\/nw\/wp-json\/wp\/v2\/media\/190843"}],"wp:attachment":[{"href":"https:\/\/www.prwrestling.com\/nw\/wp-json\/wp\/v2\/media?parent=190839"}],"wp:term":[{"taxonomy":"category","embeddable":true,"href":"https:\/\/www.prwrestling.com\/nw\/wp-json\/wp\/v2\/categories?post=190839"},{"taxonomy":"post_tag","embeddable":true,"href":"https:\/\/www.prwrestling.com\/nw\/wp-json\/wp\/v2\/tags?post=190839"}],"curies":[{"name":"wp","href":"https:\/\/api.w.org\/{rel}","templated":true}]}}