{"id":191567,"date":"2023-01-06T10:17:35","date_gmt":"2023-01-06T15:17:35","guid":{"rendered":"https:\/\/www.prwrestling.com\/nw\/?p=191567"},"modified":"2023-01-06T10:21:38","modified_gmt":"2023-01-06T15:21:38","slug":"oficial-vince-mcmahon-ingresado-a-la-junta-de-directores-de-wwe","status":"publish","type":"post","link":"https:\/\/www.prwrestling.com\/nw\/oficial-vince-mcmahon-ingresado-a-la-junta-de-directores-de-wwe\/","title":{"rendered":"Oficial: Vince McMahon ingresado a la Junta de Directores de WWE"},"content":{"rendered":"<p><span style=\"vertical-align: inherit;\"><span style=\"vertical-align: inherit;\">Una nueva presentaci\u00f3n de la Comisi\u00f3n de Bolsa y Valores ha anunciado que Vince McMahon est\u00e1 de regreso en la junta directiva de WWE. <\/span><span style=\"vertical-align: inherit;\">Thurston de\u00a0 <\/span><\/span><a href=\"http:\/\/wrestlenomics.com\/\" target=\"_blank\" rel=\"noopener\"><span style=\"vertical-align: inherit;\"><span style=\"vertical-align: inherit;\">Wrestlenomics.com<\/span><\/span><\/a><span style=\"vertical-align: inherit;\"><span style=\"vertical-align: inherit;\"> \u00a0se\u00f1al\u00f3 lo siguiente sobre este gran movimiento para World Wrestling Entertainment.<\/span><\/span><!--more--><div id=\"ad-slot\" style=\"min-width: 300px; min-height: 250px;\">\r\n<p style=\"text-align: center;\">\r\n<!-- Site name: prwrestling.com\r\nZone name: prwrestling.com_banner_300x250\r\nZone id: 2109741734\r\nType: banner\r\nFormat: 300x250\r\n --> \r\n\r\n<!-- Copy and paste this code on the page. -->\r\n<div id='zone_2109741734' ><\/div>\r\n<script>\r\n    (function(w,d,o,g,r,a,m){\r\n        var cid='zone_2109741734';\r\n        w[r]=w[r]||function(){(w[r+'l']=w[r+'l']||[]).push(arguments)};\r\n        function e(b,w,r){if((w[r+'h']=b.pop())&&!w.ABN){\r\n            var a=d.createElement(o),p=d.getElementsByTagName(o)[0];a.async=1;\r\n            a.src='https:\/\/cdn.'+w[r+'h']+'\/libs\/e.js';a.onerror=function(){e(g,w,r)};\r\n            p.parentNode.insertBefore(a,p)}}e(g,w,r);\r\n        w[r](cid,{id:2109741734,domain:w[r+'h']});\r\n    })(window,document,'script',['traffmovie.com'],'ABNS');\r\n<\/script>\r\n\r\n<!--\r\nWhen setting the zone code, make sure:\r\n  - you have provided all domains from which the area code will be called\r\n  - the site does not limit the loading in the Content Security Policy\r\n  - the area code is installed in the ad space inside the page\r\n  - site layout allows you to display the banner on mobile devices in full size\r\nUse data-cp1={customParam1} data-cp2={customParam2}... attributes for sending custom params\r\n-->\r\n<\/p><\/div><\/p>\n<div id=\"\">\n<p><em><span style=\"vertical-align: inherit;\"><span style=\"vertical-align: inherit;\">\u201cUna nueva presentaci\u00f3n dice que, con vigencia inmediata, Vince se incluye a s\u00ed mismo, a Michelle Wilson y a George Barrios en la junta y elimina a los directores independientes Alan Wexler, JoEllen Lyons Dillon y Jeffrey Speed. <\/span><\/span><\/em><\/p>\n<p><em><span style=\"vertical-align: inherit;\"><span style=\"vertical-align: inherit;\">La presentaci\u00f3n muestra a Vince haciendo cambios en los estatutos de WWE para que los acuerdos de derechos de los medios y las ventas de la compa\u00f1\u00eda no se puedan realizar con su aprobaci\u00f3n. <\/span><span style=\"vertical-align: inherit;\">La presentaci\u00f3n incluye sus cartas a la junta como pruebas\u201d.<\/span><\/span><\/em><\/p>\n<h3>WWE emite comunicado<\/h3>\n<p>A las 10 a. m. del viernes, hora del este, <a href=\"https:\/\/corporate.wwe.com\/investors\/news\/press-releases\/2023\/01-06-2023-150216104\" target=\"_blank\" rel=\"noopener\">WWE emiti\u00f3 el siguiente comunicado de prensa<\/a>:<\/p>\n<blockquote><p>\u201cHoy anunciamos que el fundador de WWE, Vince McMahon, regresar\u00e1 a la Junta\u201d, dijo la presidenta y codirectora ejecutiva Stephanie McMahon, el codirector ejecutivo Nick Khan y el director de contenido Paul Levesque.<br \/>\n<div id=\"ad-slot\" style=\"min-width: 300px; min-height: 250px;\"><p style=\"text-align: center;\">\r\n<script async src=\"https:\/\/pagead2.googlesyndication.com\/pagead\/js\/adsbygoogle.js\"><\/script>\r\n<!-- Responsive sc c -->\r\n<ins class=\"adsbygoogle\"\r\n     style=\"display:block\"\r\n     data-ad-client=\"ca-pub-1244235910658811\"\r\n     data-ad-slot=\"4234005358\"\r\n     data-ad-format=\"auto\"\r\n     data-full-width-responsive=\"true\"><\/ins>\r\n<script>\r\n     (adsbygoogle = window.adsbygoogle || []).push({});\r\n<\/script><\/p><\/div><br \/>\n\u201cTambi\u00e9n damos la bienvenida nuevamente a Michelle Wilson y George Barrios a nuestra Junta Directiva. Juntos, esperamos explorar todas las alternativas estrat\u00e9gicas para maximizar el valor para los accionistas\u201d.<\/p><\/blockquote>\n<\/div>\n<p><span style=\"vertical-align: inherit;\"><span style=\"vertical-align: inherit;\">Queda por ver c\u00f3mo afectar\u00e1 esto a la direcci\u00f3n creativa de la empresa. <\/span><span style=\"vertical-align: inherit;\">Solo el tiempo dir\u00e1 c\u00f3mo podr\u00eda cambiar el camino hacia WrestleMania a partir de este momento. <\/span><span style=\"vertical-align: inherit;\">Las cosas ciertamente est\u00e1n cambiando en la WWE a medida que comenzamos en 2023.<\/span><\/span><\/p>\n","protected":false},"excerpt":{"rendered":"<p>Una nueva presentaci\u00f3n de la Comisi\u00f3n de Bolsa y Valores ha anunciado que Vince McMahon est\u00e1 de regreso en la junta directiva de WWE. Thurston de\u00a0 Wrestlenomics.com \u00a0se\u00f1al\u00f3 lo siguiente sobre este gran movimiento para World Wrestling Entertainment.<\/p>\n","protected":false},"author":1,"featured_media":178102,"comment_status":"closed","ping_status":"closed","sticky":false,"template":"","format":"standard","meta":{"footnotes":""},"categories":[5,38],"tags":[],"class_list":["post-191567","post","type-post","status-publish","format-standard","has-post-thumbnail","category-noticias","category-noticias-y-rumores-de-la-wwe"],"_links":{"self":[{"href":"https:\/\/www.prwrestling.com\/nw\/wp-json\/wp\/v2\/posts\/191567","targetHints":{"allow":["GET"]}}],"collection":[{"href":"https:\/\/www.prwrestling.com\/nw\/wp-json\/wp\/v2\/posts"}],"about":[{"href":"https:\/\/www.prwrestling.com\/nw\/wp-json\/wp\/v2\/types\/post"}],"author":[{"embeddable":true,"href":"https:\/\/www.prwrestling.com\/nw\/wp-json\/wp\/v2\/users\/1"}],"replies":[{"embeddable":true,"href":"https:\/\/www.prwrestling.com\/nw\/wp-json\/wp\/v2\/comments?post=191567"}],"version-history":[{"count":4,"href":"https:\/\/www.prwrestling.com\/nw\/wp-json\/wp\/v2\/posts\/191567\/revisions"}],"predecessor-version":[{"id":191590,"href":"https:\/\/www.prwrestling.com\/nw\/wp-json\/wp\/v2\/posts\/191567\/revisions\/191590"}],"wp:featuredmedia":[{"embeddable":true,"href":"https:\/\/www.prwrestling.com\/nw\/wp-json\/wp\/v2\/media\/178102"}],"wp:attachment":[{"href":"https:\/\/www.prwrestling.com\/nw\/wp-json\/wp\/v2\/media?parent=191567"}],"wp:term":[{"taxonomy":"category","embeddable":true,"href":"https:\/\/www.prwrestling.com\/nw\/wp-json\/wp\/v2\/categories?post=191567"},{"taxonomy":"post_tag","embeddable":true,"href":"https:\/\/www.prwrestling.com\/nw\/wp-json\/wp\/v2\/tags?post=191567"}],"curies":[{"name":"wp","href":"https:\/\/api.w.org\/{rel}","templated":true}]}}