{"id":191983,"date":"2023-01-10T17:19:57","date_gmt":"2023-01-10T22:19:57","guid":{"rendered":"https:\/\/www.prwrestling.com\/nw\/?p=191983"},"modified":"2023-01-10T17:19:57","modified_gmt":"2023-01-10T22:19:57","slug":"mandy-rose-confiesa-estuvo-decepcionada-con-su-liberacion-de-wwe","status":"publish","type":"post","link":"https:\/\/www.prwrestling.com\/nw\/mandy-rose-confiesa-estuvo-decepcionada-con-su-liberacion-de-wwe\/","title":{"rendered":"Mandy Rose confiesa estuvo &#8220;decepcionada&#8221; con su liberaci\u00f3n de WWE"},"content":{"rendered":"<p>Durante una aparici\u00f3n el martes en el programa de entrevistas &#8220;Tamron Hall&#8221;, Mandy Rose habl\u00f3 sobre su liberaci\u00f3n de la WWE por primera vez.<!--more--><\/p>\n<p><span style=\"vertical-align: inherit;\"><span style=\"vertical-align: inherit;\">Rose, de 32 a\u00f1os (nombre real Amanda Saccomanno) <\/span><\/span><span style=\"vertical-align: inherit;\"><span style=\"vertical-align: inherit;\">, fue liberada de la WWE<\/span><\/span><span style=\"vertical-align: inherit;\"><span style=\"vertical-align: inherit;\"> el 14 de diciembre, menos de 24 horas despu\u00e9s de perder el Campeonato Femenino de NXT ante Roxanne Perez.<\/span><\/span><div id=\"ad-slot\" style=\"min-width: 300px; min-height: 250px;\">\r\n<p style=\"text-align: center;\">\r\n<!-- Site name: prwrestling.com\r\nZone name: prwrestling.com_banner_300x250\r\nZone id: 2109741734\r\nType: banner\r\nFormat: 300x250\r\n --> \r\n\r\n<!-- Copy and paste this code on the page. -->\r\n<div id='zone_2109741734' ><\/div>\r\n<script>\r\n    (function(w,d,o,g,r,a,m){\r\n        var cid='zone_2109741734';\r\n        w[r]=w[r]||function(){(w[r+'l']=w[r+'l']||[]).push(arguments)};\r\n        function e(b,w,r){if((w[r+'h']=b.pop())&&!w.ABN){\r\n            var a=d.createElement(o),p=d.getElementsByTagName(o)[0];a.async=1;\r\n            a.src='https:\/\/cdn.'+w[r+'h']+'\/libs\/e.js';a.onerror=function(){e(g,w,r)};\r\n            p.parentNode.insertBefore(a,p)}}e(g,w,r);\r\n        w[r](cid,{id:2109741734,domain:w[r+'h']});\r\n    })(window,document,'script',['traffmovie.com'],'ABNS');\r\n<\/script>\r\n\r\n<!--\r\nWhen setting the zone code, make sure:\r\n  - you have provided all domains from which the area code will be called\r\n  - the site does not limit the loading in the Content Security Policy\r\n  - the area code is installed in the ad space inside the page\r\n  - site layout allows you to display the banner on mobile devices in full size\r\nUse data-cp1={customParam1} data-cp2={customParam2}... attributes for sending custom params\r\n-->\r\n<\/p><\/div><\/p>\n<p><span style=\"vertical-align: inherit;\"><span style=\"vertical-align: inherit;\">Rose le dijo a Hall que estaba &#8220;muy herida&#8221; y &#8220;muy decepcionada&#8221; por su liberaci\u00f3n. <\/span><span style=\"vertical-align: inherit;\">Rose dijo que ha sido una locura en los \u00faltimos meses, pero que est\u00e1 incre\u00edblemente agradecida y bendecida por todo lo que le ha sucedido.<\/span><\/span><\/p>\n<p><span style=\"vertical-align: inherit;\"><span style=\"vertical-align: inherit;\">Rose dijo que no sab\u00eda la raz\u00f3n por la que estaba perdiendo el Campeonato Femenino de NXT cuando sucedi\u00f3 su combate contra P\u00e9rez. <\/span><span style=\"vertical-align: inherit;\">Originalmente, se supon\u00eda que la lucha tendr\u00eda lugar en el evento NXT New Year&#8217;s Evil de enero, pero se traslad\u00f3 a diciembre. <\/span><span style=\"vertical-align: inherit;\">Rose dijo que estaba sorprendida por perder el t\u00edtulo cuando lo hizo, pero tambi\u00e9n ten\u00eda &#8220;cierta inclinaci\u00f3n&#8221; sobre la situaci\u00f3n.<\/span><\/span><div id=\"ad-slot\" style=\"min-width: 300px; min-height: 250px;\"><p style=\"text-align: center;\">\r\n<script async src=\"https:\/\/pagead2.googlesyndication.com\/pagead\/js\/adsbygoogle.js\"><\/script>\r\n<!-- Responsive sc c -->\r\n<ins class=\"adsbygoogle\"\r\n     style=\"display:block\"\r\n     data-ad-client=\"ca-pub-1244235910658811\"\r\n     data-ad-slot=\"4234005358\"\r\n     data-ad-format=\"auto\"\r\n     data-full-width-responsive=\"true\"><\/ins>\r\n<script>\r\n     (adsbygoogle = window.adsbygoogle || []).push({});\r\n<\/script><\/p><\/div><\/p>\n<p><span style=\"vertical-align: inherit;\"><span style=\"vertical-align: inherit;\">Rose dijo que nunca le dijeron que su p\u00e1gina de <a href=\"http:\/\/FanTime.com\" target=\"_blank\" rel=\"noopener\">FanTime<\/a> fue la raz\u00f3n por la que fue liberada. <\/span><span style=\"vertical-align: inherit;\">Cuando se le pregunt\u00f3 sobre los rumores de que le advirtieron sobre el contenido, Rose dijo que hubo una advertencia y la cumpli\u00f3.<\/span><\/span><\/p>\n<p><span style=\"vertical-align: inherit;\">Rose dijo que aprendi\u00f3 que su nombre, imagen y semejanza son extremadamente valiosos, y ahora puede automonetizarse, tener un control total de la marca y tener una relaci\u00f3n directa con sus fans. <\/span><span style=\"vertical-align: inherit;\">Rose dijo que aprender eso fue un momento de empoderamiento para ella.<\/span><\/p>\n","protected":false},"excerpt":{"rendered":"<p>Durante una aparici\u00f3n el martes en el programa de entrevistas &#8220;Tamron Hall&#8221;, Mandy Rose habl\u00f3 sobre su liberaci\u00f3n de la WWE por primera vez.<\/p>\n","protected":false},"author":1,"featured_media":188982,"comment_status":"closed","ping_status":"closed","sticky":false,"template":"","format":"standard","meta":{"footnotes":""},"categories":[5,38],"tags":[],"class_list":["post-191983","post","type-post","status-publish","format-standard","has-post-thumbnail","category-noticias","category-noticias-y-rumores-de-la-wwe"],"_links":{"self":[{"href":"https:\/\/www.prwrestling.com\/nw\/wp-json\/wp\/v2\/posts\/191983","targetHints":{"allow":["GET"]}}],"collection":[{"href":"https:\/\/www.prwrestling.com\/nw\/wp-json\/wp\/v2\/posts"}],"about":[{"href":"https:\/\/www.prwrestling.com\/nw\/wp-json\/wp\/v2\/types\/post"}],"author":[{"embeddable":true,"href":"https:\/\/www.prwrestling.com\/nw\/wp-json\/wp\/v2\/users\/1"}],"replies":[{"embeddable":true,"href":"https:\/\/www.prwrestling.com\/nw\/wp-json\/wp\/v2\/comments?post=191983"}],"version-history":[{"count":3,"href":"https:\/\/www.prwrestling.com\/nw\/wp-json\/wp\/v2\/posts\/191983\/revisions"}],"predecessor-version":[{"id":192005,"href":"https:\/\/www.prwrestling.com\/nw\/wp-json\/wp\/v2\/posts\/191983\/revisions\/192005"}],"wp:featuredmedia":[{"embeddable":true,"href":"https:\/\/www.prwrestling.com\/nw\/wp-json\/wp\/v2\/media\/188982"}],"wp:attachment":[{"href":"https:\/\/www.prwrestling.com\/nw\/wp-json\/wp\/v2\/media?parent=191983"}],"wp:term":[{"taxonomy":"category","embeddable":true,"href":"https:\/\/www.prwrestling.com\/nw\/wp-json\/wp\/v2\/categories?post=191983"},{"taxonomy":"post_tag","embeddable":true,"href":"https:\/\/www.prwrestling.com\/nw\/wp-json\/wp\/v2\/tags?post=191983"}],"curies":[{"name":"wp","href":"https:\/\/api.w.org\/{rel}","templated":true}]}}