{"id":192198,"date":"2023-01-13T06:11:14","date_gmt":"2023-01-13T11:11:14","guid":{"rendered":"https:\/\/www.prwrestling.com\/nw\/?p=192198"},"modified":"2023-01-13T06:11:14","modified_gmt":"2023-01-13T11:11:14","slug":"reportes-los-khans-son-compradores-potenciales-de-la-wwe","status":"publish","type":"post","link":"https:\/\/www.prwrestling.com\/nw\/reportes-los-khans-son-compradores-potenciales-de-la-wwe\/","title":{"rendered":"Reportes: Los Khans son compradores potenciales de la WWE"},"content":{"rendered":"<div class=\"m-detail--body\">\n<p><a href=\"https:\/\/www.barrons.com\/articles\/wwe-sale-vince-mcmahon-merger-aew-51673552324?mod=hp_LATEST\" target=\"_blank\" rel=\"noopener\"><span style=\"vertical-align: inherit;\"><span style=\"vertical-align: inherit;\">Barron&#8217;s<\/span><\/span><\/a><span style=\"vertical-align: inherit;\"><span style=\"vertical-align: inherit;\"> y <\/span><\/span><a href=\"https:\/\/www.cnbc.com\/2023\/01\/12\/aew-has-interest-merging-wwe.html\" target=\"_blank\" rel=\"noopener\"><span style=\"vertical-align: inherit;\"><span style=\"vertical-align: inherit;\">CNBC<\/span><\/span><\/a><span style=\"vertical-align: inherit;\"><span style=\"vertical-align: inherit;\"> informaron el jueves que Tony Khan y Shad Khan de AEW han sido vinculados al proceso de &#8220;alternativas estrat\u00e9gicas&#8221; de WWE como posibles compradores de la compa\u00f1\u00eda.<\/span><\/span><!--more--><div id=\"ad-slot\" style=\"min-width: 300px; min-height: 250px;\">\r\n<p style=\"text-align: center;\">\r\n<!-- Site name: prwrestling.com\r\nZone name: prwrestling.com_banner_300x250\r\nZone id: 2109741734\r\nType: banner\r\nFormat: 300x250\r\n --> \r\n\r\n<!-- Copy and paste this code on the page. -->\r\n<div id='zone_2109741734' ><\/div>\r\n<script>\r\n    (function(w,d,o,g,r,a,m){\r\n        var cid='zone_2109741734';\r\n        w[r]=w[r]||function(){(w[r+'l']=w[r+'l']||[]).push(arguments)};\r\n        function e(b,w,r){if((w[r+'h']=b.pop())&&!w.ABN){\r\n            var a=d.createElement(o),p=d.getElementsByTagName(o)[0];a.async=1;\r\n            a.src='https:\/\/cdn.'+w[r+'h']+'\/libs\/e.js';a.onerror=function(){e(g,w,r)};\r\n            p.parentNode.insertBefore(a,p)}}e(g,w,r);\r\n        w[r](cid,{id:2109741734,domain:w[r+'h']});\r\n    })(window,document,'script',['traffmovie.com'],'ABNS');\r\n<\/script>\r\n\r\n<!--\r\nWhen setting the zone code, make sure:\r\n  - you have provided all domains from which the area code will be called\r\n  - the site does not limit the loading in the Content Security Policy\r\n  - the area code is installed in the ad space inside the page\r\n  - site layout allows you to display the banner on mobile devices in full size\r\nUse data-cp1={customParam1} data-cp2={customParam2}... attributes for sending custom params\r\n-->\r\n<\/p><\/div><\/p>\n<p><span style=\"vertical-align: inherit;\"><span style=\"vertical-align: inherit;\">Barron&#8217;s afirma que AEW es un comprador potencial, pero &#8220;&#8230; los Khan probablemente buscar\u00e1n un socio financiero para adquirir el activo&#8221;.<\/span><\/span><\/p>\n<p><span style=\"vertical-align: inherit;\"><span style=\"vertical-align: inherit;\">CNBC presenta una posible fusi\u00f3n de AEW y WWE como una posibilidad remota, pero se\u00f1ala que los Khan estar\u00edan abiertos a discutir un papel continuo para el presidente ejecutivo McMahon en caso de que AEW y WWE se fusionen:<\/span><\/span><\/p>\n<blockquote class=\"m-blockquote l-inline\"><p><span style=\"vertical-align: inherit;\"><span style=\"vertical-align: inherit;\">Los Khan est\u00e1n abiertos a discutir un papel potencial para McMahon, de 77 a\u00f1os, despu\u00e9s de una venta, pero a\u00fan no han tenido esas conversaciones.<\/span><\/span><\/p><\/blockquote>\n<p><span style=\"vertical-align: inherit;\"><span style=\"vertical-align: inherit;\">WWE anunci\u00f3 el 6 de enero que explorar\u00eda &#8220;alternativas estrat\u00e9gicas para maximizar el valor de los accionistas&#8221;, lo que se cree que significa buscar una venta de la compa\u00f1\u00eda, al tiempo que se\u00f1al\u00f3 que &#8220;no hay garant\u00eda de que este proceso resulte en una transacci\u00f3n&#8221;.\u00a0<\/span><\/span><\/p>\n<p><span style=\"vertical-align: inherit;\"><span style=\"vertical-align: inherit;\">CNBC inform\u00f3 el 7 de enero que WWE hab\u00eda contratado a JPMorgan para asesorar a la empresa sobre una posible venta.\u00a0<\/span><\/span><\/p>\n<p><span style=\"vertical-align: inherit;\"><span style=\"vertical-align: inherit;\">El jueves, WWE <\/span><\/span><a href=\"https:\/\/corporate.wwe.com\/investors\/news\/press-releases\/2023\/01-12-2023-231606344\" target=\"_blank\" rel=\"noopener\"><span style=\"vertical-align: inherit;\"><span style=\"vertical-align: inherit;\">anunci\u00f3 en un comunicado de prensa<\/span><\/span><\/a><span style=\"vertical-align: inherit;\"><span style=\"vertical-align: inherit;\"> que hab\u00eda contratado los servicios de tres grupos externos en relaci\u00f3n con la b\u00fasqueda de alternativas estrat\u00e9gicas.<\/span><\/span><\/p>\n<\/div>\n","protected":false},"excerpt":{"rendered":"<p>Barron&#8217;s y CNBC informaron el jueves que Tony Khan y Shad Khan de AEW han sido vinculados al proceso de &#8220;alternativas estrat\u00e9gicas&#8221; de WWE como posibles compradores de la compa\u00f1\u00eda.<\/p>\n","protected":false},"author":1,"featured_media":167071,"comment_status":"closed","ping_status":"closed","sticky":false,"template":"","format":"standard","meta":{"footnotes":""},"categories":[5,38],"tags":[],"class_list":["post-192198","post","type-post","status-publish","format-standard","has-post-thumbnail","category-noticias","category-noticias-y-rumores-de-la-wwe"],"_links":{"self":[{"href":"https:\/\/www.prwrestling.com\/nw\/wp-json\/wp\/v2\/posts\/192198","targetHints":{"allow":["GET"]}}],"collection":[{"href":"https:\/\/www.prwrestling.com\/nw\/wp-json\/wp\/v2\/posts"}],"about":[{"href":"https:\/\/www.prwrestling.com\/nw\/wp-json\/wp\/v2\/types\/post"}],"author":[{"embeddable":true,"href":"https:\/\/www.prwrestling.com\/nw\/wp-json\/wp\/v2\/users\/1"}],"replies":[{"embeddable":true,"href":"https:\/\/www.prwrestling.com\/nw\/wp-json\/wp\/v2\/comments?post=192198"}],"version-history":[{"count":3,"href":"https:\/\/www.prwrestling.com\/nw\/wp-json\/wp\/v2\/posts\/192198\/revisions"}],"predecessor-version":[{"id":192206,"href":"https:\/\/www.prwrestling.com\/nw\/wp-json\/wp\/v2\/posts\/192198\/revisions\/192206"}],"wp:featuredmedia":[{"embeddable":true,"href":"https:\/\/www.prwrestling.com\/nw\/wp-json\/wp\/v2\/media\/167071"}],"wp:attachment":[{"href":"https:\/\/www.prwrestling.com\/nw\/wp-json\/wp\/v2\/media?parent=192198"}],"wp:term":[{"taxonomy":"category","embeddable":true,"href":"https:\/\/www.prwrestling.com\/nw\/wp-json\/wp\/v2\/categories?post=192198"},{"taxonomy":"post_tag","embeddable":true,"href":"https:\/\/www.prwrestling.com\/nw\/wp-json\/wp\/v2\/tags?post=192198"}],"curies":[{"name":"wp","href":"https:\/\/api.w.org\/{rel}","templated":true}]}}