{"id":192694,"date":"2023-01-18T19:24:00","date_gmt":"2023-01-19T00:24:00","guid":{"rendered":"https:\/\/www.prwrestling.com\/nw\/?p=192694"},"modified":"2023-01-18T19:25:33","modified_gmt":"2023-01-19T00:25:33","slug":"a-bianca-belair-le-gustaria-luchar-ante-las-bella-twins","status":"publish","type":"post","link":"https:\/\/www.prwrestling.com\/nw\/a-bianca-belair-le-gustaria-luchar-ante-las-bella-twins\/","title":{"rendered":"A Bianca Belair le gustar\u00eda luchar ante las Bella Twins"},"content":{"rendered":"<p><span style=\"vertical-align: inherit;\"><span style=\"vertical-align: inherit;\">Bianca Belair <\/span><\/span><span style=\"vertical-align: inherit;\"><span style=\"vertical-align: inherit;\">apareci\u00f3 recientemente en Watch What Happens Live con Andy Cohen y se le pregunt\u00f3 sobre su inter\u00e9s en enfrentarse a The Bella Twins (Nikki &amp; Brie) en WWE.<!--more--> <\/span><span style=\"vertical-align: inherit;\">Esto es lo que ella ten\u00eda que decir.<\/span><\/span><div id=\"ad-slot\" style=\"min-width: 300px; min-height: 250px;\">\r\n<p style=\"text-align: center;\">\r\n<!-- Site name: prwrestling.com\r\nZone name: prwrestling.com_banner_300x250\r\nZone id: 2109741734\r\nType: banner\r\nFormat: 300x250\r\n --> \r\n\r\n<!-- Copy and paste this code on the page. -->\r\n<div id='zone_2109741734' ><\/div>\r\n<script>\r\n    (function(w,d,o,g,r,a,m){\r\n        var cid='zone_2109741734';\r\n        w[r]=w[r]||function(){(w[r+'l']=w[r+'l']||[]).push(arguments)};\r\n        function e(b,w,r){if((w[r+'h']=b.pop())&&!w.ABN){\r\n            var a=d.createElement(o),p=d.getElementsByTagName(o)[0];a.async=1;\r\n            a.src='https:\/\/cdn.'+w[r+'h']+'\/libs\/e.js';a.onerror=function(){e(g,w,r)};\r\n            p.parentNode.insertBefore(a,p)}}e(g,w,r);\r\n        w[r](cid,{id:2109741734,domain:w[r+'h']});\r\n    })(window,document,'script',['traffmovie.com'],'ABNS');\r\n<\/script>\r\n\r\n<!--\r\nWhen setting the zone code, make sure:\r\n  - you have provided all domains from which the area code will be called\r\n  - the site does not limit the loading in the Content Security Policy\r\n  - the area code is installed in the ad space inside the page\r\n  - site layout allows you to display the banner on mobile devices in full size\r\nUse data-cp1={customParam1} data-cp2={customParam2}... attributes for sending custom params\r\n-->\r\n<\/p><\/div><\/p>\n<blockquote><p><span style=\"vertical-align: inherit;\"><span style=\"vertical-align: inherit;\">Esa es una pregunta tan dif\u00edcil. <\/span><span style=\"vertical-align: inherit;\">Las quiero mucho a las dos, sinceramente, creo que ser\u00eda un honor subir al ring con cualquiera de ellas, han hecho mucho por la divisi\u00f3n femenina de la WWE. <\/span><\/span><\/p>\n<p><span style=\"vertical-align: inherit;\"><span style=\"vertical-align: inherit;\">Obviamente creo que puedo enfrentarme a cualquiera, as\u00ed que&#8230;<\/span><\/span><\/p><\/blockquote>\n<p><span style=\"vertical-align: inherit;\"><span style=\"vertical-align: inherit;\">Belair ha sido la campeona femenina de Raw desde que venci\u00f3 a Becky Lynch en WrestleMania 38 el a\u00f1o pasado. Defender\u00e1 el t\u00edtulo contra Alexa Bliss en Royal Rumble a finales de este mes.<\/span><\/span><\/p>\n<p><iframe loading=\"lazy\" title=\"Bianca Belair Praises The Bella Twins | WWHL\" src=\"https:\/\/www.youtube.com\/embed\/fVaYeAOFSb0?feature=oembed\" width=\"500\" height=\"281\" frameborder=\"0\" allowfullscreen=\"allowfullscreen\"><\/iframe><\/p>\n<p>&nbsp;<\/p>\n","protected":false},"excerpt":{"rendered":"<p>Bianca Belair apareci\u00f3 recientemente en Watch What Happens Live con Andy Cohen y se le pregunt\u00f3 sobre su inter\u00e9s en enfrentarse a The Bella Twins (Nikki &amp; Brie) en WWE.<\/p>\n","protected":false},"author":1,"featured_media":169438,"comment_status":"closed","ping_status":"closed","sticky":false,"template":"","format":"standard","meta":{"footnotes":""},"categories":[5,38],"tags":[],"class_list":["post-192694","post","type-post","status-publish","format-standard","has-post-thumbnail","category-noticias","category-noticias-y-rumores-de-la-wwe"],"_links":{"self":[{"href":"https:\/\/www.prwrestling.com\/nw\/wp-json\/wp\/v2\/posts\/192694","targetHints":{"allow":["GET"]}}],"collection":[{"href":"https:\/\/www.prwrestling.com\/nw\/wp-json\/wp\/v2\/posts"}],"about":[{"href":"https:\/\/www.prwrestling.com\/nw\/wp-json\/wp\/v2\/types\/post"}],"author":[{"embeddable":true,"href":"https:\/\/www.prwrestling.com\/nw\/wp-json\/wp\/v2\/users\/1"}],"replies":[{"embeddable":true,"href":"https:\/\/www.prwrestling.com\/nw\/wp-json\/wp\/v2\/comments?post=192694"}],"version-history":[{"count":3,"href":"https:\/\/www.prwrestling.com\/nw\/wp-json\/wp\/v2\/posts\/192694\/revisions"}],"predecessor-version":[{"id":192698,"href":"https:\/\/www.prwrestling.com\/nw\/wp-json\/wp\/v2\/posts\/192694\/revisions\/192698"}],"wp:featuredmedia":[{"embeddable":true,"href":"https:\/\/www.prwrestling.com\/nw\/wp-json\/wp\/v2\/media\/169438"}],"wp:attachment":[{"href":"https:\/\/www.prwrestling.com\/nw\/wp-json\/wp\/v2\/media?parent=192694"}],"wp:term":[{"taxonomy":"category","embeddable":true,"href":"https:\/\/www.prwrestling.com\/nw\/wp-json\/wp\/v2\/categories?post=192694"},{"taxonomy":"post_tag","embeddable":true,"href":"https:\/\/www.prwrestling.com\/nw\/wp-json\/wp\/v2\/tags?post=192694"}],"curies":[{"name":"wp","href":"https:\/\/api.w.org\/{rel}","templated":true}]}}