{"id":192825,"date":"2023-01-20T09:49:41","date_gmt":"2023-01-20T14:49:41","guid":{"rendered":"https:\/\/www.prwrestling.com\/nw\/?p=192825"},"modified":"2023-10-19T14:10:34","modified_gmt":"2023-10-19T18:10:34","slug":"rvd-dice-vince-mcmahon-quiso-destruir-ecw-luego-de-comprarlo","status":"publish","type":"post","link":"https:\/\/www.prwrestling.com\/nw\/rvd-dice-vince-mcmahon-quiso-destruir-ecw-luego-de-comprarlo\/","title":{"rendered":"RVD dice Vince McMahon quiso destruir ECW luego de comprarlo"},"content":{"rendered":"<p><span style=\"vertical-align: inherit;\"><span style=\"vertical-align: inherit;\">Rob Van Dam culp\u00f3 a Vince McMahon por intentar destruir el legado de ECW tras adquirirla en el 2003. <\/span><\/span><!--more--><div id=\"ad-slot\" style=\"min-width: 300px; min-height: 250px;\">\r\n<p style=\"text-align: center;\">\r\n<script async src=\"https:\/\/pagead2.googlesyndication.com\/pagead\/js\/adsbygoogle.js\"><\/script>\r\n<!-- 300x250 sc a -->\r\n<ins class=\"adsbygoogle\"\r\n     style=\"display:inline-block;width:300px;height:250px\"\r\n     data-ad-client=\"ca-pub-1244235910658811\"\r\n     data-ad-slot=\"8592682546\"><\/ins>\r\n<script>\r\n     (adsbygoogle = window.adsbygoogle || []).push({});\r\n<\/script><\/center>\r\n<\/p><\/div><\/p>\n<p><span style=\"vertical-align: inherit;\"><span style=\"vertical-align: inherit;\">Esto es lo que dijo el luchador\u00a0<\/span><\/span><a href=\"https:\/\/www.youtube.com\/watch?v=9FFd2W2leBU\" target=\"_blank\" rel=\"noopener\"><span style=\"vertical-align: inherit;\"><span style=\"vertical-align: inherit;\">durante una entrevista con Wrestling News.<\/span><\/span><\/a><\/p>\n<blockquote class=\"wp-block-quote\"><p><span style=\"vertical-align: inherit;\"><span style=\"vertical-align: inherit;\">En ese momento, realmente lo mir\u00e9 a la defensiva del punto de ECW. <\/span><span style=\"vertical-align: inherit;\">Sabes, pens\u00e9 que se estaba burlando de ECW. <\/span><span style=\"vertical-align: inherit;\">Pens\u00e9 que incluso podr\u00eda haber tra\u00eddo ECW de regreso solo para destruirlo porque no le gustaba que los fan\u00e1ticos cantaran EC Dub. <\/span><span style=\"vertical-align: inherit;\">Se atribuy\u00f3 el m\u00e9rito, por lo que los entren\u00f3 para cantar EC Dub durante los shows sacando el DVD de ECW. <\/span><\/span><\/p>\n<p><span style=\"vertical-align: inherit;\"><span style=\"vertical-align: inherit;\">Entonces dije, Wow, hombre, este tipo est\u00e1 loco. <\/span><span style=\"vertical-align: inherit;\">Tal vez lo trajo de vuelta solo para eliminar por completo el tema extremo, y eliminaron por completo el tema extremo.<\/span><\/span><div id=\"ad-slot\" style=\"min-width: 300px; min-height: 250px;\"><p style=\"text-align: center;\">\r\n<script async src=\"https:\/\/pagead2.googlesyndication.com\/pagead\/js\/adsbygoogle.js\"><\/script>\r\n<!-- Responsive sc c -->\r\n<ins class=\"adsbygoogle\"\r\n     style=\"display:block\"\r\n     data-ad-client=\"ca-pub-1244235910658811\"\r\n     data-ad-slot=\"4234005358\"\r\n     data-ad-format=\"auto\"\r\n     data-full-width-responsive=\"true\"><\/ins>\r\n<script>\r\n     (adsbygoogle = window.adsbygoogle || []).push({});\r\n<\/script><\/p><\/div><\/p>\n<p>Entonces fue como, ya sabes, como cualquier otro programa, excepto que pusieron mucho menos empe\u00f1o en \u00e9l. Mucho menos presupuesto, mucha menos publicidad. Los shows\u00a0 en ese momento, ya sabes, eran las viejas arenas de ECW de mediados de los 90.<\/p>\n<p>A veces film\u00e1bamos despu\u00e9s de SmackDown en la noche de SmackDown, y hab\u00eda una forma extra\u00f1a en la que nos pagaban una parte de su entrada, lo que realmente no era justo. Al final, ya sabes, supuestamente todos los n\u00fameros se arreglaron, lo que sea\u201d.<\/p><\/blockquote>\n","protected":false},"excerpt":{"rendered":"<p>Rob Van Dam culp\u00f3 a Vince McMahon por intentar destruir el legado de ECW tras adquirirla en el 2003.<\/p>\n","protected":false},"author":1,"featured_media":183220,"comment_status":"closed","ping_status":"closed","sticky":false,"template":"","format":"standard","meta":{"footnotes":""},"categories":[5,38],"tags":[1359],"class_list":{"0":"post-192825","1":"post","2":"type-post","3":"status-publish","4":"format-standard","5":"has-post-thumbnail","7":"category-noticias","8":"category-noticias-y-rumores-de-la-wwe","9":"tag-vince-mcmahon"},"_links":{"self":[{"href":"https:\/\/www.prwrestling.com\/nw\/wp-json\/wp\/v2\/posts\/192825","targetHints":{"allow":["GET"]}}],"collection":[{"href":"https:\/\/www.prwrestling.com\/nw\/wp-json\/wp\/v2\/posts"}],"about":[{"href":"https:\/\/www.prwrestling.com\/nw\/wp-json\/wp\/v2\/types\/post"}],"author":[{"embeddable":true,"href":"https:\/\/www.prwrestling.com\/nw\/wp-json\/wp\/v2\/users\/1"}],"replies":[{"embeddable":true,"href":"https:\/\/www.prwrestling.com\/nw\/wp-json\/wp\/v2\/comments?post=192825"}],"version-history":[{"count":4,"href":"https:\/\/www.prwrestling.com\/nw\/wp-json\/wp\/v2\/posts\/192825\/revisions"}],"predecessor-version":[{"id":192844,"href":"https:\/\/www.prwrestling.com\/nw\/wp-json\/wp\/v2\/posts\/192825\/revisions\/192844"}],"wp:featuredmedia":[{"embeddable":true,"href":"https:\/\/www.prwrestling.com\/nw\/wp-json\/wp\/v2\/media\/183220"}],"wp:attachment":[{"href":"https:\/\/www.prwrestling.com\/nw\/wp-json\/wp\/v2\/media?parent=192825"}],"wp:term":[{"taxonomy":"category","embeddable":true,"href":"https:\/\/www.prwrestling.com\/nw\/wp-json\/wp\/v2\/categories?post=192825"},{"taxonomy":"post_tag","embeddable":true,"href":"https:\/\/www.prwrestling.com\/nw\/wp-json\/wp\/v2\/tags?post=192825"}],"curies":[{"name":"wp","href":"https:\/\/api.w.org\/{rel}","templated":true}]}}