{"id":193062,"date":"2023-01-22T17:41:51","date_gmt":"2023-01-22T22:41:51","guid":{"rendered":"https:\/\/www.prwrestling.com\/nw\/?p=193062"},"modified":"2023-01-22T17:41:51","modified_gmt":"2023-01-22T22:41:51","slug":"karrion-kross-optimista-tras-el-regreso-de-vince-mcmahon","status":"publish","type":"post","link":"https:\/\/www.prwrestling.com\/nw\/karrion-kross-optimista-tras-el-regreso-de-vince-mcmahon\/","title":{"rendered":"Karrion Kross optimista tras el regreso de Vince McMahon"},"content":{"rendered":"<div>\n<p><span style=\"vertical-align: inherit;\"><span style=\"vertical-align: inherit;\">Karrion Kross habl\u00f3 sobre el regreso de Vince McMahon.<\/span><\/span><!--more--><div id=\"ad-slot\" style=\"min-width: 300px; min-height: 250px;\">\r\n<p style=\"text-align: center;\">\r\n<!-- Site name: prwrestling.com\r\nZone name: prwrestling.com_banner_300x250\r\nZone id: 2109741734\r\nType: banner\r\nFormat: 300x250\r\n --> \r\n\r\n<!-- Copy and paste this code on the page. -->\r\n<div id='zone_2109741734' ><\/div>\r\n<script>\r\n    (function(w,d,o,g,r,a,m){\r\n        var cid='zone_2109741734';\r\n        w[r]=w[r]||function(){(w[r+'l']=w[r+'l']||[]).push(arguments)};\r\n        function e(b,w,r){if((w[r+'h']=b.pop())&&!w.ABN){\r\n            var a=d.createElement(o),p=d.getElementsByTagName(o)[0];a.async=1;\r\n            a.src='https:\/\/cdn.'+w[r+'h']+'\/libs\/e.js';a.onerror=function(){e(g,w,r)};\r\n            p.parentNode.insertBefore(a,p)}}e(g,w,r);\r\n        w[r](cid,{id:2109741734,domain:w[r+'h']});\r\n    })(window,document,'script',['traffmovie.com'],'ABNS');\r\n<\/script>\r\n\r\n<!--\r\nWhen setting the zone code, make sure:\r\n  - you have provided all domains from which the area code will be called\r\n  - the site does not limit the loading in the Content Security Policy\r\n  - the area code is installed in the ad space inside the page\r\n  - site layout allows you to display the banner on mobile devices in full size\r\nUse data-cp1={customParam1} data-cp2={customParam2}... attributes for sending custom params\r\n-->\r\n<\/p><\/div><\/p>\n<p><span style=\"vertical-align: inherit;\"><span style=\"vertical-align: inherit;\">El ex dos veces campe\u00f3n de NXT habl\u00f3 sobre este tema durante una entrevista con <\/span><\/span><a href=\"https:\/\/www.expressnews.com\/sports\/article\/WWE-s-Karrion-Kross-hopes-to-win-the-Royal-17733103.php\" target=\"_blank\" rel=\"noopener\"><span style=\"vertical-align: inherit;\"><span style=\"vertical-align: inherit;\">The San Antonio Express<\/span><\/span><\/a><span style=\"vertical-align: inherit;\"><span style=\"vertical-align: inherit;\"> , donde brinda una actualizaci\u00f3n sobre c\u00f3mo se sienten algunos en el vestuario y si existe alguna preocupaci\u00f3n creciente.\u00a0<\/span><\/span><\/p>\n<p><span style=\"vertical-align: inherit;\"><span style=\"vertical-align: inherit;\">Kross dijo que nadie tiene miedo de perder su trabajo ahora que McMahon est\u00e1 de vuelta:<\/span><\/span><\/p>\n<blockquote><p><span style=\"vertical-align: inherit;\"><span style=\"vertical-align: inherit;\">Est\u00e1 en mis fuentes de noticias, est\u00e1 en todas partes. <\/span><span style=\"vertical-align: inherit;\">Es ineludible en este punto. <\/span><span style=\"vertical-align: inherit;\">Pero las personas con las que he hablado al respecto, como mis amigos personales en el negocio, nadie est\u00e1 realmente preocupado o temeroso por su trabajo. <\/span><span style=\"vertical-align: inherit;\">Todos estamos listos para adaptarnos.<\/span><\/span><\/p><\/blockquote>\n<p><div id=\"ad-slot\" style=\"min-width: 300px; min-height: 250px;\"><p style=\"text-align: center;\">\r\n<script async src=\"https:\/\/pagead2.googlesyndication.com\/pagead\/js\/adsbygoogle.js\"><\/script>\r\n<!-- Responsive sc c -->\r\n<ins class=\"adsbygoogle\"\r\n     style=\"display:block\"\r\n     data-ad-client=\"ca-pub-1244235910658811\"\r\n     data-ad-slot=\"4234005358\"\r\n     data-ad-format=\"auto\"\r\n     data-full-width-responsive=\"true\"><\/ins>\r\n<script>\r\n     (adsbygoogle = window.adsbygoogle || []).push({});\r\n<\/script><\/p><\/div><br \/>\n<span style=\"vertical-align: inherit;\"><span style=\"vertical-align: inherit;\">El luchador dijo que el vestuario se mantiene tratando de tener optimismo:<\/span><\/span><\/p>\n<blockquote><p><span style=\"vertical-align: inherit;\"><span style=\"vertical-align: inherit;\">Creo que todos lo est\u00e1n tomando d\u00eda a d\u00eda para ver d\u00f3nde aterriza todo, y todos estamos tratando de mantenernos optimistas.<\/span><\/span><\/p><\/blockquote>\n<\/div>\n","protected":false},"excerpt":{"rendered":"<p>Karrion Kross habl\u00f3 sobre el regreso de Vince McMahon.<\/p>\n","protected":false},"author":1,"featured_media":163189,"comment_status":"closed","ping_status":"closed","sticky":false,"template":"","format":"standard","meta":{"footnotes":""},"categories":[5,38],"tags":[],"class_list":["post-193062","post","type-post","status-publish","format-standard","has-post-thumbnail","category-noticias","category-noticias-y-rumores-de-la-wwe"],"_links":{"self":[{"href":"https:\/\/www.prwrestling.com\/nw\/wp-json\/wp\/v2\/posts\/193062","targetHints":{"allow":["GET"]}}],"collection":[{"href":"https:\/\/www.prwrestling.com\/nw\/wp-json\/wp\/v2\/posts"}],"about":[{"href":"https:\/\/www.prwrestling.com\/nw\/wp-json\/wp\/v2\/types\/post"}],"author":[{"embeddable":true,"href":"https:\/\/www.prwrestling.com\/nw\/wp-json\/wp\/v2\/users\/1"}],"replies":[{"embeddable":true,"href":"https:\/\/www.prwrestling.com\/nw\/wp-json\/wp\/v2\/comments?post=193062"}],"version-history":[{"count":3,"href":"https:\/\/www.prwrestling.com\/nw\/wp-json\/wp\/v2\/posts\/193062\/revisions"}],"predecessor-version":[{"id":193075,"href":"https:\/\/www.prwrestling.com\/nw\/wp-json\/wp\/v2\/posts\/193062\/revisions\/193075"}],"wp:featuredmedia":[{"embeddable":true,"href":"https:\/\/www.prwrestling.com\/nw\/wp-json\/wp\/v2\/media\/163189"}],"wp:attachment":[{"href":"https:\/\/www.prwrestling.com\/nw\/wp-json\/wp\/v2\/media?parent=193062"}],"wp:term":[{"taxonomy":"category","embeddable":true,"href":"https:\/\/www.prwrestling.com\/nw\/wp-json\/wp\/v2\/categories?post=193062"},{"taxonomy":"post_tag","embeddable":true,"href":"https:\/\/www.prwrestling.com\/nw\/wp-json\/wp\/v2\/tags?post=193062"}],"curies":[{"name":"wp","href":"https:\/\/api.w.org\/{rel}","templated":true}]}}