{"id":193078,"date":"2023-01-22T19:39:00","date_gmt":"2023-01-23T00:39:00","guid":{"rendered":"https:\/\/www.prwrestling.com\/nw\/?p=193078"},"modified":"2023-01-22T19:39:00","modified_gmt":"2023-01-23T00:39:00","slug":"bobby-lashley-comenta-sobre-el-posible-regreso-de-the-rock","status":"publish","type":"post","link":"https:\/\/www.prwrestling.com\/nw\/bobby-lashley-comenta-sobre-el-posible-regreso-de-the-rock\/","title":{"rendered":"Bobby Lashley comenta sobre el posible regreso de The Rock"},"content":{"rendered":"<div>\n<p><span style=\"vertical-align: inherit;\"><span style=\"vertical-align: inherit;\">La superestrella de la WWE, Bobby Lashley, se uni\u00f3 recientemente al programa <\/span><\/span><a href=\"https:\/\/www.sportskeeda.com\/wwe\/news-it-ll-good-us-bobby-lashley-wwe-legend-possibly-returning-wrestle-seven-years-exclusive?key2=905920\" target=\"_blank\" rel=\"noopener\"><span style=\"vertical-align: inherit;\"><span style=\"vertical-align: inherit;\">WrestleBinge de Sportskeeda<\/span><\/span><\/a><span style=\"vertical-align: inherit;\"><span style=\"vertical-align: inherit;\"> para discutir una amplia gama de temas, incluidos sus pensamientos sobre el posible regreso de The Rock a la compa\u00f1\u00eda<\/span><span style=\"vertical-align: inherit;\">.<\/span><\/span><!--more--><div id=\"ad-slot\" style=\"min-width: 300px; min-height: 250px;\">\r\n<p style=\"text-align: center;\">\r\n<!-- Site name: prwrestling.com\r\nZone name: prwrestling.com_banner_300x250\r\nZone id: 2109741734\r\nType: banner\r\nFormat: 300x250\r\n --> \r\n\r\n<!-- Copy and paste this code on the page. -->\r\n<div id='zone_2109741734' ><\/div>\r\n<script>\r\n    (function(w,d,o,g,r,a,m){\r\n        var cid='zone_2109741734';\r\n        w[r]=w[r]||function(){(w[r+'l']=w[r+'l']||[]).push(arguments)};\r\n        function e(b,w,r){if((w[r+'h']=b.pop())&&!w.ABN){\r\n            var a=d.createElement(o),p=d.getElementsByTagName(o)[0];a.async=1;\r\n            a.src='https:\/\/cdn.'+w[r+'h']+'\/libs\/e.js';a.onerror=function(){e(g,w,r)};\r\n            p.parentNode.insertBefore(a,p)}}e(g,w,r);\r\n        w[r](cid,{id:2109741734,domain:w[r+'h']});\r\n    })(window,document,'script',['traffmovie.com'],'ABNS');\r\n<\/script>\r\n\r\n<!--\r\nWhen setting the zone code, make sure:\r\n  - you have provided all domains from which the area code will be called\r\n  - the site does not limit the loading in the Content Security Policy\r\n  - the area code is installed in the ad space inside the page\r\n  - site layout allows you to display the banner on mobile devices in full size\r\nUse data-cp1={customParam1} data-cp2={customParam2}... attributes for sending custom params\r\n-->\r\n<\/p><\/div><\/p>\n<p><span style=\"vertical-align: inherit;\"><span style=\"vertical-align: inherit;\">Sobre el poder estelar de The Rock ante los rumores de su regreso:<\/span><\/span><\/p>\n<blockquote><p><span style=\"vertical-align: inherit;\"><span style=\"vertical-align: inherit;\">The Rock es una gran estrella. <\/span><span style=\"vertical-align: inherit;\">Entonces, por supuesto, si regresa, nos dar\u00e1 mucha notoriedad. <\/span><span style=\"vertical-align: inherit;\">Y estando en Hollywood este a\u00f1o, creo que habr\u00eda una buena oportunidad de que \u00e9l tal vez regrese. <\/span><span style=\"vertical-align: inherit;\">No s\u00e9; <\/span><span style=\"vertical-align: inherit;\">Me han preguntado varias veces si The Rock regresar\u00e1.<\/span><\/span><\/p><\/blockquote>\n<p><span style=\"vertical-align: inherit;\"><span style=\"vertical-align: inherit;\">Dice que nadie sabe nada sobre un regreso de The Rock:<\/span><\/span><div id=\"ad-slot\" style=\"min-width: 300px; min-height: 250px;\"><p style=\"text-align: center;\">\r\n<script async src=\"https:\/\/pagead2.googlesyndication.com\/pagead\/js\/adsbygoogle.js\"><\/script>\r\n<!-- Responsive sc c -->\r\n<ins class=\"adsbygoogle\"\r\n     style=\"display:block\"\r\n     data-ad-client=\"ca-pub-1244235910658811\"\r\n     data-ad-slot=\"4234005358\"\r\n     data-ad-format=\"auto\"\r\n     data-full-width-responsive=\"true\"><\/ins>\r\n<script>\r\n     (adsbygoogle = window.adsbygoogle || []).push({});\r\n<\/script><\/p><\/div><\/p>\n<blockquote><p><span style=\"vertical-align: inherit;\"><span style=\"vertical-align: inherit;\">No sabemos nada. <\/span><span style=\"vertical-align: inherit;\">Ni siquiera s\u00e9 lo que har\u00e9 el pr\u00f3ximo mes. <\/span><span style=\"vertical-align: inherit;\">As\u00ed que realmente no puedo decirte qu\u00e9 est\u00e1 haciendo The Rock. <\/span><span style=\"vertical-align: inherit;\">Pero, por supuesto, a todos les encantar\u00eda ver The Rock; <\/span><span style=\"vertical-align: inherit;\">es una gran estrella. <\/span><span style=\"vertical-align: inherit;\">As\u00ed que si regresa, ser\u00e1 bueno para todos nosotros.<\/span><\/span><\/p><\/blockquote>\n<\/div>\n","protected":false},"excerpt":{"rendered":"<p>La superestrella de la WWE, Bobby Lashley, se uni\u00f3 recientemente al programa WrestleBinge de Sportskeeda para discutir una amplia gama de temas, incluidos sus pensamientos sobre el posible regreso de The Rock a la compa\u00f1\u00eda.<\/p>\n","protected":false},"author":1,"featured_media":149006,"comment_status":"closed","ping_status":"closed","sticky":false,"template":"","format":"standard","meta":{"footnotes":""},"categories":[5,38],"tags":[],"class_list":["post-193078","post","type-post","status-publish","format-standard","has-post-thumbnail","category-noticias","category-noticias-y-rumores-de-la-wwe"],"_links":{"self":[{"href":"https:\/\/www.prwrestling.com\/nw\/wp-json\/wp\/v2\/posts\/193078","targetHints":{"allow":["GET"]}}],"collection":[{"href":"https:\/\/www.prwrestling.com\/nw\/wp-json\/wp\/v2\/posts"}],"about":[{"href":"https:\/\/www.prwrestling.com\/nw\/wp-json\/wp\/v2\/types\/post"}],"author":[{"embeddable":true,"href":"https:\/\/www.prwrestling.com\/nw\/wp-json\/wp\/v2\/users\/1"}],"replies":[{"embeddable":true,"href":"https:\/\/www.prwrestling.com\/nw\/wp-json\/wp\/v2\/comments?post=193078"}],"version-history":[{"count":3,"href":"https:\/\/www.prwrestling.com\/nw\/wp-json\/wp\/v2\/posts\/193078\/revisions"}],"predecessor-version":[{"id":193082,"href":"https:\/\/www.prwrestling.com\/nw\/wp-json\/wp\/v2\/posts\/193078\/revisions\/193082"}],"wp:featuredmedia":[{"embeddable":true,"href":"https:\/\/www.prwrestling.com\/nw\/wp-json\/wp\/v2\/media\/149006"}],"wp:attachment":[{"href":"https:\/\/www.prwrestling.com\/nw\/wp-json\/wp\/v2\/media?parent=193078"}],"wp:term":[{"taxonomy":"category","embeddable":true,"href":"https:\/\/www.prwrestling.com\/nw\/wp-json\/wp\/v2\/categories?post=193078"},{"taxonomy":"post_tag","embeddable":true,"href":"https:\/\/www.prwrestling.com\/nw\/wp-json\/wp\/v2\/tags?post=193078"}],"curies":[{"name":"wp","href":"https:\/\/api.w.org\/{rel}","templated":true}]}}