{"id":193120,"date":"2023-01-23T18:01:39","date_gmt":"2023-01-23T23:01:39","guid":{"rendered":"https:\/\/www.prwrestling.com\/nw\/?p=193120"},"modified":"2023-01-23T18:01:39","modified_gmt":"2023-01-23T23:01:39","slug":"bully-ray-dice-fue-contactado-para-raw-xxx-por-que-no-estara-en-el-show","status":"publish","type":"post","link":"https:\/\/www.prwrestling.com\/nw\/bully-ray-dice-fue-contactado-para-raw-xxx-por-que-no-estara-en-el-show\/","title":{"rendered":"Bully Ray dice fue contactado para Raw XXX; Por qu\u00e9 no estar\u00e1 en el show"},"content":{"rendered":"<p><span style=\"vertical-align: inherit;\"><span style=\"vertical-align: inherit;\">El miembro del Sal\u00f3n de la Fama de WWE, Bully Ray, revel\u00f3 durante la edici\u00f3n de hoy de <\/span><\/span><a href=\"https:\/\/player.siriusxm.com\/home\/foryou\" target=\"_blank\" rel=\"noopener\"><span style=\"vertical-align: inherit;\"><span style=\"vertical-align: inherit;\">Busted Open Radio<\/span><\/span><\/a><span style=\"vertical-align: inherit;\"><span style=\"vertical-align: inherit;\"> que WWE lo contact\u00f3 para el show especial Raw XXX, pero las conversaciones no progresaron. <\/span><\/span><!--more--><div id=\"ad-slot\" style=\"min-width: 300px; min-height: 250px;\">\r\n<p style=\"text-align: center;\">\r\n<!-- Site name: prwrestling.com\r\nZone name: prwrestling.com_banner_300x250\r\nZone id: 2109741734\r\nType: banner\r\nFormat: 300x250\r\n --> \r\n\r\n<!-- Copy and paste this code on the page. -->\r\n<div id='zone_2109741734' ><\/div>\r\n<script>\r\n    (function(w,d,o,g,r,a,m){\r\n        var cid='zone_2109741734';\r\n        w[r]=w[r]||function(){(w[r+'l']=w[r+'l']||[]).push(arguments)};\r\n        function e(b,w,r){if((w[r+'h']=b.pop())&&!w.ABN){\r\n            var a=d.createElement(o),p=d.getElementsByTagName(o)[0];a.async=1;\r\n            a.src='https:\/\/cdn.'+w[r+'h']+'\/libs\/e.js';a.onerror=function(){e(g,w,r)};\r\n            p.parentNode.insertBefore(a,p)}}e(g,w,r);\r\n        w[r](cid,{id:2109741734,domain:w[r+'h']});\r\n    })(window,document,'script',['traffmovie.com'],'ABNS');\r\n<\/script>\r\n\r\n<!--\r\nWhen setting the zone code, make sure:\r\n  - you have provided all domains from which the area code will be called\r\n  - the site does not limit the loading in the Content Security Policy\r\n  - the area code is installed in the ad space inside the page\r\n  - site layout allows you to display the banner on mobile devices in full size\r\nUse data-cp1={customParam1} data-cp2={customParam2}... attributes for sending custom params\r\n-->\r\n<\/p><\/div><\/p>\n<blockquote><p><span style=\"vertical-align: inherit;\"><span style=\"vertical-align: inherit;\">Recib\u00ed una llamada telef\u00f3nica al respecto. <\/span><span style=\"vertical-align: inherit;\">Dije que si D-Von y yo \u00edbamos a hacer algo que pudiera ayudar a otra pareja, como tal vez salir y hacer el &#8216;Wassup&#8217; y &#8216;Get the tables&#8217; con otra parejaa, y amablemente les damos el brillo de tocar uno de los \u00e9xitos.<\/span><\/span><\/p>\n<p><span style=\"vertical-align: inherit;\"> <span style=\"vertical-align: inherit;\">Habr\u00eda estado m\u00e1s que feliz de hacer eso, nunca recib\u00ed una devoluci\u00f3n de llamada y estoy aqu\u00ed hablando con ustedes.<\/span><\/span><\/p><\/blockquote>\n","protected":false},"excerpt":{"rendered":"<p>El miembro del Sal\u00f3n de la Fama de WWE, Bully Ray, revel\u00f3 durante la edici\u00f3n de hoy de Busted Open Radio que WWE lo contact\u00f3 para el show especial Raw XXX, pero las conversaciones no progresaron.<\/p>\n","protected":false},"author":1,"featured_media":4806,"comment_status":"closed","ping_status":"closed","sticky":false,"template":"","format":"standard","meta":{"footnotes":""},"categories":[5,38],"tags":[],"class_list":["post-193120","post","type-post","status-publish","format-standard","has-post-thumbnail","category-noticias","category-noticias-y-rumores-de-la-wwe"],"_links":{"self":[{"href":"https:\/\/www.prwrestling.com\/nw\/wp-json\/wp\/v2\/posts\/193120","targetHints":{"allow":["GET"]}}],"collection":[{"href":"https:\/\/www.prwrestling.com\/nw\/wp-json\/wp\/v2\/posts"}],"about":[{"href":"https:\/\/www.prwrestling.com\/nw\/wp-json\/wp\/v2\/types\/post"}],"author":[{"embeddable":true,"href":"https:\/\/www.prwrestling.com\/nw\/wp-json\/wp\/v2\/users\/1"}],"replies":[{"embeddable":true,"href":"https:\/\/www.prwrestling.com\/nw\/wp-json\/wp\/v2\/comments?post=193120"}],"version-history":[{"count":3,"href":"https:\/\/www.prwrestling.com\/nw\/wp-json\/wp\/v2\/posts\/193120\/revisions"}],"predecessor-version":[{"id":193139,"href":"https:\/\/www.prwrestling.com\/nw\/wp-json\/wp\/v2\/posts\/193120\/revisions\/193139"}],"wp:featuredmedia":[{"embeddable":true,"href":"https:\/\/www.prwrestling.com\/nw\/wp-json\/wp\/v2\/media\/4806"}],"wp:attachment":[{"href":"https:\/\/www.prwrestling.com\/nw\/wp-json\/wp\/v2\/media?parent=193120"}],"wp:term":[{"taxonomy":"category","embeddable":true,"href":"https:\/\/www.prwrestling.com\/nw\/wp-json\/wp\/v2\/categories?post=193120"},{"taxonomy":"post_tag","embeddable":true,"href":"https:\/\/www.prwrestling.com\/nw\/wp-json\/wp\/v2\/tags?post=193120"}],"curies":[{"name":"wp","href":"https:\/\/api.w.org\/{rel}","templated":true}]}}