{"id":193164,"date":"2023-01-24T05:59:45","date_gmt":"2023-01-24T10:59:45","guid":{"rendered":"https:\/\/www.prwrestling.com\/nw\/?p=193164"},"modified":"2023-01-24T05:59:45","modified_gmt":"2023-01-24T10:59:45","slug":"steve-austin-vs-brock-lesnar-en-planes-para-wwe-wrestlemania-39","status":"publish","type":"post","link":"https:\/\/www.prwrestling.com\/nw\/steve-austin-vs-brock-lesnar-en-planes-para-wwe-wrestlemania-39\/","title":{"rendered":"Steve Austin vs. Brock Lesnar en planes para WWE WrestleMania 39"},"content":{"rendered":"<div class=\"m-detail--body\">\n<div class=\"m-detail--body-item m-detail--body-item-inline\">\n<figure class=\"l-inline tml-image m-detail--tml-image--inline\"><a><span style=\"vertical-align: inherit;\"><span style=\"vertical-align: inherit;\">Steve Austin fue propuesto con el plan de un combate contra Brock Lesnar para WrestleMania de este a\u00f1o.<\/span><\/span><\/a><\/figure>\n<\/div>\n<p><!--more--><div id=\"ad-slot\" style=\"min-width: 300px; min-height: 250px;\">\r\n<p style=\"text-align: center;\">\r\n<script async src=\"https:\/\/pagead2.googlesyndication.com\/pagead\/js\/adsbygoogle.js\"><\/script>\r\n<!-- 300x250 sc a -->\r\n<ins class=\"adsbygoogle\"\r\n     style=\"display:inline-block;width:300px;height:250px\"\r\n     data-ad-client=\"ca-pub-1244235910658811\"\r\n     data-ad-slot=\"8592682546\"><\/ins>\r\n<script>\r\n     (adsbygoogle = window.adsbygoogle || []).push({});\r\n<\/script><\/center>\r\n<\/p><\/div><\/p>\n<p><span style=\"vertical-align: inherit;\"><span style=\"vertical-align: inherit;\">En el Wrestling Observer Radio del martes por la ma\u00f1ana, Dave Meltzer dijo que el combate presentado a Steve Austin para el evento fue contra Brock Lesnar. <\/span><span style=\"vertical-align: inherit;\">Fightful <\/span><\/span><a href=\"https:\/\/www.patreon.com\/posts\/stone-cold-steve-77647795\" target=\"_blank\" rel=\"noopener\"><span style=\"vertical-align: inherit;\"><span style=\"vertical-align: inherit;\">inform\u00f3 el lunes por la tarde<\/span><\/span><\/a><span style=\"vertical-align: inherit;\"><span style=\"vertical-align: inherit;\"> que se hab\u00eda propuesto un combate con Roman Reigns contra Austin para WrestleMania<\/span><\/span><\/p>\n<p><span style=\"vertical-align: inherit;\"><span style=\"vertical-align: inherit;\">La lucha que se propuso no fue Roman Reigns\u201d, dijo Meltzer. <\/span><span style=\"vertical-align: inherit;\">\u201cFue Brock Lesnar. <\/span><span style=\"vertical-align: inherit;\">No est\u00e1 final, algo puede pasar ahora. <\/span><span style=\"vertical-align: inherit;\">Se ha hablado de eso probablemente durante meses\u201d.<\/span><\/span><\/p>\n<p><span style=\"vertical-align: inherit;\"><span style=\"vertical-align: inherit;\">Meltzer dijo que antes, cuando pregunt\u00f3 sobre un rumor de lucha entre Lesnar y Gunther, fue rechazado, diciendo que esa no era la idea, pero que la idea era un secreto, y Austin era ese secreto.<\/span><\/span><br \/>\n<div id=\"ad-slot\" style=\"min-width: 300px; min-height: 250px;\"><p style=\"text-align: center;\">\r\n<script async src=\"https:\/\/pagead2.googlesyndication.com\/pagead\/js\/adsbygoogle.js\"><\/script>\r\n<!-- Responsive sc c -->\r\n<ins class=\"adsbygoogle\"\r\n     style=\"display:block\"\r\n     data-ad-client=\"ca-pub-1244235910658811\"\r\n     data-ad-slot=\"4234005358\"\r\n     data-ad-format=\"auto\"\r\n     data-full-width-responsive=\"true\"><\/ins>\r\n<script>\r\n     (adsbygoogle = window.adsbygoogle || []).push({});\r\n<\/script><\/p><\/div><br \/>\n<span style=\"vertical-align: inherit;\"><span style=\"vertical-align: inherit;\">Lesnar hizo su regreso a la WWE el lunes, apareciendo durante el evento estelar de Raw entre Austin Theory y Bobby Lashley por el t\u00edtulo de los Estados Unidos. <\/span><span style=\"vertical-align: inherit;\">Lesnar le cost\u00f3 la lucha a Lashley, reavivando su enemistad desde el oto\u00f1o pasado. <\/span><\/span><\/p>\n<p><span style=\"vertical-align: inherit;\"><span style=\"vertical-align: inherit;\">Meltzer se\u00f1al\u00f3 que es probable que ambos est\u00e9n en el combate de Royal Rumble este fin de semana y se peleen, aunque no se sabe si esa disputa conducir\u00e1 a un combate en WrestleMania.<\/span><\/span><\/p>\n<\/div>\n","protected":false},"excerpt":{"rendered":"<p>Steve Austin fue propuesto con el plan de un combate contra Brock Lesnar para WrestleMania de este a\u00f1o.<\/p>\n","protected":false},"author":1,"featured_media":193176,"comment_status":"closed","ping_status":"closed","sticky":false,"template":"","format":"standard","meta":{"footnotes":""},"categories":[5,38],"tags":[],"class_list":{"0":"post-193164","1":"post","2":"type-post","3":"status-publish","4":"format-standard","5":"has-post-thumbnail","7":"category-noticias","8":"category-noticias-y-rumores-de-la-wwe"},"_links":{"self":[{"href":"https:\/\/www.prwrestling.com\/nw\/wp-json\/wp\/v2\/posts\/193164","targetHints":{"allow":["GET"]}}],"collection":[{"href":"https:\/\/www.prwrestling.com\/nw\/wp-json\/wp\/v2\/posts"}],"about":[{"href":"https:\/\/www.prwrestling.com\/nw\/wp-json\/wp\/v2\/types\/post"}],"author":[{"embeddable":true,"href":"https:\/\/www.prwrestling.com\/nw\/wp-json\/wp\/v2\/users\/1"}],"replies":[{"embeddable":true,"href":"https:\/\/www.prwrestling.com\/nw\/wp-json\/wp\/v2\/comments?post=193164"}],"version-history":[{"count":4,"href":"https:\/\/www.prwrestling.com\/nw\/wp-json\/wp\/v2\/posts\/193164\/revisions"}],"predecessor-version":[{"id":193177,"href":"https:\/\/www.prwrestling.com\/nw\/wp-json\/wp\/v2\/posts\/193164\/revisions\/193177"}],"wp:featuredmedia":[{"embeddable":true,"href":"https:\/\/www.prwrestling.com\/nw\/wp-json\/wp\/v2\/media\/193176"}],"wp:attachment":[{"href":"https:\/\/www.prwrestling.com\/nw\/wp-json\/wp\/v2\/media?parent=193164"}],"wp:term":[{"taxonomy":"category","embeddable":true,"href":"https:\/\/www.prwrestling.com\/nw\/wp-json\/wp\/v2\/categories?post=193164"},{"taxonomy":"post_tag","embeddable":true,"href":"https:\/\/www.prwrestling.com\/nw\/wp-json\/wp\/v2\/tags?post=193164"}],"curies":[{"name":"wp","href":"https:\/\/api.w.org\/{rel}","templated":true}]}}