{"id":193324,"date":"2023-01-26T18:40:44","date_gmt":"2023-01-26T23:40:44","guid":{"rendered":"https:\/\/www.prwrestling.com\/nw\/?p=193324"},"modified":"2023-01-26T18:40:44","modified_gmt":"2023-01-26T23:40:44","slug":"reporte-pareja-de-luchadores-podrian-regresar-pronto-a-wwe","status":"publish","type":"post","link":"https:\/\/www.prwrestling.com\/nw\/reporte-pareja-de-luchadores-podrian-regresar-pronto-a-wwe\/","title":{"rendered":"Reporte: Pareja de luchadores podr\u00edan regresar pronto a WWE"},"content":{"rendered":"<div>\n<p>Posible spoilers a continuaci\u00f3n&#8230;.<!--more--><div id=\"ad-slot\" style=\"min-width: 300px; min-height: 250px;\">\r\n<p style=\"text-align: center;\">\r\n<!-- Site name: prwrestling.com\r\nZone name: prwrestling.com_banner_300x250\r\nZone id: 2109741734\r\nType: banner\r\nFormat: 300x250\r\n --> \r\n\r\n<!-- Copy and paste this code on the page. -->\r\n<div id='zone_2109741734' ><\/div>\r\n<script>\r\n    (function(w,d,o,g,r,a,m){\r\n        var cid='zone_2109741734';\r\n        w[r]=w[r]||function(){(w[r+'l']=w[r+'l']||[]).push(arguments)};\r\n        function e(b,w,r){if((w[r+'h']=b.pop())&&!w.ABN){\r\n            var a=d.createElement(o),p=d.getElementsByTagName(o)[0];a.async=1;\r\n            a.src='https:\/\/cdn.'+w[r+'h']+'\/libs\/e.js';a.onerror=function(){e(g,w,r)};\r\n            p.parentNode.insertBefore(a,p)}}e(g,w,r);\r\n        w[r](cid,{id:2109741734,domain:w[r+'h']});\r\n    })(window,document,'script',['traffmovie.com'],'ABNS');\r\n<\/script>\r\n\r\n<!--\r\nWhen setting the zone code, make sure:\r\n  - you have provided all domains from which the area code will be called\r\n  - the site does not limit the loading in the Content Security Policy\r\n  - the area code is installed in the ad space inside the page\r\n  - site layout allows you to display the banner on mobile devices in full size\r\nUse data-cp1={customParam1} data-cp2={customParam2}... attributes for sending custom params\r\n-->\r\n<\/p><\/div><br \/>\n<span style=\"vertical-align: inherit;\"><span style=\"vertical-align: inherit;\">Parece que Chelsea Green y Matt Cardona regresar\u00e1n juntos a la WWE, tal vez tan pronto como en el evento Royal Rumble del s\u00e1bado.<\/span><\/span><\/p>\n<p><span style=\"vertical-align: inherit;\"><span style=\"vertical-align: inherit;\">Un nuevo informe de <a href=\"http:\/\/PWInsider.com\" target=\"_blank\" rel=\"noopener\">PWInsider<\/a> se\u00f1ala c\u00f3mo la conversaci\u00f3n en las grabaciones de televisi\u00f3n de Impact Wrestling del fin de semana pasado fue que Cardona hab\u00eda terminado con la compa\u00f1\u00eda. <\/span><span style=\"vertical-align: inherit;\">Cardona luch\u00f3 contra el campe\u00f3n de Impact Digital Media, Joe Hendry, en un combate que deber\u00eda transmitirse el 2 o el 9 de febrero.<\/span><\/span><\/p>\n<p><span style=\"vertical-align: inherit;\"><span style=\"vertical-align: inherit;\">Tambi\u00e9n se dijo que la creencia es que veremos a Cardona y Green regresar en el Royal Rumble el s\u00e1bado, y que Cardona probablemente regresar\u00e1 como Zack Ryder.\u00a0<\/span><\/span><\/p>\n<p><span style=\"vertical-align: inherit;\"><span style=\"vertical-align: inherit;\">Con respecto a la posibilidad de que Cardona regrese como el personaje de Ryder en la WWE, es interesante notar que solicit\u00f3 la marca registrada del nombre &#8220;Zack Ryder&#8221; y el &#8220;Woo Woo Woo&#8221;.\u00a0 You know it<\/span><span style=\"vertical-align: inherit;\">.&#8221; <\/span><span style=\"vertical-align: inherit;\">eslogan a principios de este mes.\u00a0<\/span><\/span><br \/>\n<div id=\"ad-slot\" style=\"min-width: 300px; min-height: 250px;\"><p style=\"text-align: center;\">\r\n<script async src=\"https:\/\/pagead2.googlesyndication.com\/pagead\/js\/adsbygoogle.js\"><\/script>\r\n<!-- Responsive sc c -->\r\n<ins class=\"adsbygoogle\"\r\n     style=\"display:block\"\r\n     data-ad-client=\"ca-pub-1244235910658811\"\r\n     data-ad-slot=\"4234005358\"\r\n     data-ad-format=\"auto\"\r\n     data-full-width-responsive=\"true\"><\/ins>\r\n<script>\r\n     (adsbygoogle = window.adsbygoogle || []).push({});\r\n<\/script><\/p><\/div><br \/>\n<span style=\"vertical-align: inherit;\"><span style=\"vertical-align: inherit;\">Se inform\u00f3 a principios de este mes que Green ha estado bajo contrato con WWE, y que solo est\u00e1 esperando que se planifique su regreso. <\/span><span style=\"vertical-align: inherit;\">Cerr\u00f3 su cuenta de OnlyFans hace varios meses y la marca Major Pod tuvo que limitar la producci\u00f3n de nuevos productos como resultado de su firma. <\/span><span style=\"vertical-align: inherit;\">Green termin\u00f3 con Impact en octubre y termin\u00f3 con NWA en noviembre.<\/span><\/span><\/p>\n<p><span style=\"vertical-align: inherit;\"><span style=\"vertical-align: inherit;\">Cardona ha estado fuera de WWE desde que fue liberado el 15 de abril de 2020, junto con otros recortes presupuestarios.<\/span><\/span><\/p>\n<\/div>\n","protected":false},"excerpt":{"rendered":"<p>Posible spoilers a continuaci\u00f3n&#8230;.<\/p>\n","protected":false},"author":1,"featured_media":11897,"comment_status":"closed","ping_status":"closed","sticky":false,"template":"","format":"standard","meta":{"footnotes":""},"categories":[5,38],"tags":[],"class_list":["post-193324","post","type-post","status-publish","format-standard","has-post-thumbnail","category-noticias","category-noticias-y-rumores-de-la-wwe"],"_links":{"self":[{"href":"https:\/\/www.prwrestling.com\/nw\/wp-json\/wp\/v2\/posts\/193324","targetHints":{"allow":["GET"]}}],"collection":[{"href":"https:\/\/www.prwrestling.com\/nw\/wp-json\/wp\/v2\/posts"}],"about":[{"href":"https:\/\/www.prwrestling.com\/nw\/wp-json\/wp\/v2\/types\/post"}],"author":[{"embeddable":true,"href":"https:\/\/www.prwrestling.com\/nw\/wp-json\/wp\/v2\/users\/1"}],"replies":[{"embeddable":true,"href":"https:\/\/www.prwrestling.com\/nw\/wp-json\/wp\/v2\/comments?post=193324"}],"version-history":[{"count":3,"href":"https:\/\/www.prwrestling.com\/nw\/wp-json\/wp\/v2\/posts\/193324\/revisions"}],"predecessor-version":[{"id":193343,"href":"https:\/\/www.prwrestling.com\/nw\/wp-json\/wp\/v2\/posts\/193324\/revisions\/193343"}],"wp:featuredmedia":[{"embeddable":true,"href":"https:\/\/www.prwrestling.com\/nw\/wp-json\/wp\/v2\/media\/11897"}],"wp:attachment":[{"href":"https:\/\/www.prwrestling.com\/nw\/wp-json\/wp\/v2\/media?parent=193324"}],"wp:term":[{"taxonomy":"category","embeddable":true,"href":"https:\/\/www.prwrestling.com\/nw\/wp-json\/wp\/v2\/categories?post=193324"},{"taxonomy":"post_tag","embeddable":true,"href":"https:\/\/www.prwrestling.com\/nw\/wp-json\/wp\/v2\/tags?post=193324"}],"curies":[{"name":"wp","href":"https:\/\/api.w.org\/{rel}","templated":true}]}}