{"id":193979,"date":"2023-02-04T16:15:32","date_gmt":"2023-02-04T21:15:32","guid":{"rendered":"https:\/\/www.prwrestling.com\/nw\/?p=193979"},"modified":"2023-02-04T16:15:32","modified_gmt":"2023-02-04T21:15:32","slug":"the-usos-podrian-tener-problemas-para-presentarse-en-wwe-elimination-chamber","status":"publish","type":"post","link":"https:\/\/www.prwrestling.com\/nw\/the-usos-podrian-tener-problemas-para-presentarse-en-wwe-elimination-chamber\/","title":{"rendered":"The Usos podr\u00edan tener problemas para presentarse en WWE Elimination Chamber"},"content":{"rendered":"<div>\n<p><span style=\"vertical-align: inherit;\"><span style=\"vertical-align: inherit;\">WWE Elimination Chamber Chamber se llevar\u00e1 a cabo el 18 de febrero de 2023 desde el Centre Bell Arena en Montreal, Quebec, Canad\u00e1. <\/span><\/span><!--more--><div id=\"ad-slot\" style=\"min-width: 300px; min-height: 250px;\">\r\n<p style=\"text-align: center;\">\r\n<!-- Site name: prwrestling.com\r\nZone name: prwrestling.com_banner_300x250\r\nZone id: 2109741734\r\nType: banner\r\nFormat: 300x250\r\n --> \r\n\r\n<!-- Copy and paste this code on the page. -->\r\n<div id='zone_2109741734' ><\/div>\r\n<script>\r\n    (function(w,d,o,g,r,a,m){\r\n        var cid='zone_2109741734';\r\n        w[r]=w[r]||function(){(w[r+'l']=w[r+'l']||[]).push(arguments)};\r\n        function e(b,w,r){if((w[r+'h']=b.pop())&&!w.ABN){\r\n            var a=d.createElement(o),p=d.getElementsByTagName(o)[0];a.async=1;\r\n            a.src='https:\/\/cdn.'+w[r+'h']+'\/libs\/e.js';a.onerror=function(){e(g,w,r)};\r\n            p.parentNode.insertBefore(a,p)}}e(g,w,r);\r\n        w[r](cid,{id:2109741734,domain:w[r+'h']});\r\n    })(window,document,'script',['traffmovie.com'],'ABNS');\r\n<\/script>\r\n\r\n<!--\r\nWhen setting the zone code, make sure:\r\n  - you have provided all domains from which the area code will be called\r\n  - the site does not limit the loading in the Content Security Policy\r\n  - the area code is installed in the ad space inside the page\r\n  - site layout allows you to display the banner on mobile devices in full size\r\nUse data-cp1={customParam1} data-cp2={customParam2}... attributes for sending custom params\r\n-->\r\n<\/p><\/div><\/p>\n<p><span style=\"vertical-align: inherit;\"><span style=\"vertical-align: inherit;\">El espect\u00e1culo estar\u00e1 encabezado por los dos combates de la C\u00e1mara de Eliminaci\u00f3n: uno por el Campeonato de los Estados Unidos y el otro para determinar la contendiente n\u00famero uno por el Campeonato Femenino de RAW. <\/span><\/span><\/p>\n<p><span style=\"vertical-align: inherit;\"><span style=\"vertical-align: inherit;\">Aparte de esto, el punto focal m\u00e1s importante del espect\u00e1culo ser\u00e1 la lucha por el Campeonato Universal Indiscutible de la WWE entre <\/span><\/span><span style=\"vertical-align: inherit;\"><span style=\"vertical-align: inherit;\">Roman Reigns y Sami Zayn<\/span><\/span><span style=\"vertical-align: inherit;\"><span style=\"vertical-align: inherit;\"> .<\/span><\/span><div id=\"ad-slot\" style=\"min-width: 300px; min-height: 250px;\"><p style=\"text-align: center;\">\r\n<script async src=\"https:\/\/pagead2.googlesyndication.com\/pagead\/js\/adsbygoogle.js\"><\/script>\r\n<!-- Responsive sc c -->\r\n<ins class=\"adsbygoogle\"\r\n     style=\"display:block\"\r\n     data-ad-client=\"ca-pub-1244235910658811\"\r\n     data-ad-slot=\"4234005358\"\r\n     data-ad-format=\"auto\"\r\n     data-full-width-responsive=\"true\"><\/ins>\r\n<script>\r\n     (adsbygoogle = window.adsbygoogle || []).push({});\r\n<\/script><\/p><\/div><\/p>\n<p><span style=\"vertical-align: inherit;\"><span style=\"vertical-align: inherit;\">Sin embargo, los fan\u00e1ticos tambi\u00e9n hablan de los Usos. <\/span><span style=\"vertical-align: inherit;\">Esto se debe a que Jey Uso aparentemente sali\u00f3 de The Bloodline luego de la traici\u00f3n de Sami en el Royal Rumble. <\/span><span style=\"vertical-align: inherit;\">Desde entonces, no se le ha visto y tampoco estuvo presente en WWE SmackDown esta semana.<\/span><\/span><\/p>\n<p><span style=\"vertical-align: inherit;\"><span style=\"vertical-align: inherit;\">Sin embargo, si Jey decide volver a unirse al grupo, los Usos probablemente no podr\u00e1n asistir al evento en vivo de Elimination Chamber\u00a0 en Canad\u00e1.<\/span><\/span><\/p>\n<p><span style=\"vertical-align: inherit;\"><span style=\"vertical-align: inherit;\">Es poco probable que los Usos, espec\u00edficamente Jimmy, aparezcan en Montreal, Canad\u00e1, para el Evento Premium en vivo dado su historial de DUI. <\/span><span style=\"vertical-align: inherit;\">Jimmy todav\u00eda tiene cargos pendientes y, a menos que puedan resolver algo, no se le permitir\u00e1 ingresar a Canad\u00e1.<\/span><\/span><\/p>\n<p><span style=\"vertical-align: inherit;\"><span style=\"vertical-align: inherit;\">Esto se debe al hecho de que Canad\u00e1 toma los casos de DUI m\u00e1s en serio que otros pa\u00edses y, por lo tanto, es posible que los Usos no puedan viajar all\u00ed.<\/span><\/span><\/p>\n<p><span style=\"vertical-align: inherit;\"><span style=\"vertical-align: inherit;\">Entonces, si ese es el caso, parece que Sami Zayn puede tener una mejor oportunidad de vencer a Roman Reigns por el t\u00edtulo, ya que solo Solo Sikoa y Paul Heyman estar\u00e1n a su lado. <\/span><\/span><\/p>\n<\/div>\n","protected":false},"excerpt":{"rendered":"<p>WWE Elimination Chamber Chamber se llevar\u00e1 a cabo el 18 de febrero de 2023 desde el Centre Bell Arena en Montreal, Quebec, Canad\u00e1.<\/p>\n","protected":false},"author":1,"featured_media":163215,"comment_status":"closed","ping_status":"closed","sticky":false,"template":"","format":"standard","meta":{"footnotes":""},"categories":[5,38],"tags":[],"class_list":["post-193979","post","type-post","status-publish","format-standard","has-post-thumbnail","category-noticias","category-noticias-y-rumores-de-la-wwe"],"_links":{"self":[{"href":"https:\/\/www.prwrestling.com\/nw\/wp-json\/wp\/v2\/posts\/193979","targetHints":{"allow":["GET"]}}],"collection":[{"href":"https:\/\/www.prwrestling.com\/nw\/wp-json\/wp\/v2\/posts"}],"about":[{"href":"https:\/\/www.prwrestling.com\/nw\/wp-json\/wp\/v2\/types\/post"}],"author":[{"embeddable":true,"href":"https:\/\/www.prwrestling.com\/nw\/wp-json\/wp\/v2\/users\/1"}],"replies":[{"embeddable":true,"href":"https:\/\/www.prwrestling.com\/nw\/wp-json\/wp\/v2\/comments?post=193979"}],"version-history":[{"count":3,"href":"https:\/\/www.prwrestling.com\/nw\/wp-json\/wp\/v2\/posts\/193979\/revisions"}],"predecessor-version":[{"id":193984,"href":"https:\/\/www.prwrestling.com\/nw\/wp-json\/wp\/v2\/posts\/193979\/revisions\/193984"}],"wp:featuredmedia":[{"embeddable":true,"href":"https:\/\/www.prwrestling.com\/nw\/wp-json\/wp\/v2\/media\/163215"}],"wp:attachment":[{"href":"https:\/\/www.prwrestling.com\/nw\/wp-json\/wp\/v2\/media?parent=193979"}],"wp:term":[{"taxonomy":"category","embeddable":true,"href":"https:\/\/www.prwrestling.com\/nw\/wp-json\/wp\/v2\/categories?post=193979"},{"taxonomy":"post_tag","embeddable":true,"href":"https:\/\/www.prwrestling.com\/nw\/wp-json\/wp\/v2\/tags?post=193979"}],"curies":[{"name":"wp","href":"https:\/\/api.w.org\/{rel}","templated":true}]}}