{"id":195146,"date":"2023-02-15T05:58:58","date_gmt":"2023-02-15T10:58:58","guid":{"rendered":"https:\/\/www.prwrestling.com\/nw\/?p=195146"},"modified":"2023-02-15T05:58:58","modified_gmt":"2023-02-15T10:58:58","slug":"nxt-breakker-defendera-el-campeonato-ante-mahal","status":"publish","type":"post","link":"https:\/\/www.prwrestling.com\/nw\/nxt-breakker-defendera-el-campeonato-ante-mahal\/","title":{"rendered":"NXT: Breakker defender\u00e1 el campeonato ante Mahal"},"content":{"rendered":"<p>Una lucha por el Campeonato de NXT est\u00e1 programada para el pr\u00f3ximo martes.<!--more--><div id=\"ad-slot\" style=\"min-width: 300px; min-height: 250px;\">\r\n<p style=\"text-align: center;\">\r\n<!-- Site name: prwrestling.com\r\nZone name: prwrestling.com_banner_300x250\r\nZone id: 2109741734\r\nType: banner\r\nFormat: 300x250\r\n --> \r\n\r\n<!-- Copy and paste this code on the page. -->\r\n<div id='zone_2109741734' ><\/div>\r\n<script>\r\n    (function(w,d,o,g,r,a,m){\r\n        var cid='zone_2109741734';\r\n        w[r]=w[r]||function(){(w[r+'l']=w[r+'l']||[]).push(arguments)};\r\n        function e(b,w,r){if((w[r+'h']=b.pop())&&!w.ABN){\r\n            var a=d.createElement(o),p=d.getElementsByTagName(o)[0];a.async=1;\r\n            a.src='https:\/\/cdn.'+w[r+'h']+'\/libs\/e.js';a.onerror=function(){e(g,w,r)};\r\n            p.parentNode.insertBefore(a,p)}}e(g,w,r);\r\n        w[r](cid,{id:2109741734,domain:w[r+'h']});\r\n    })(window,document,'script',['traffmovie.com'],'ABNS');\r\n<\/script>\r\n\r\n<!--\r\nWhen setting the zone code, make sure:\r\n  - you have provided all domains from which the area code will be called\r\n  - the site does not limit the loading in the Content Security Policy\r\n  - the area code is installed in the ad space inside the page\r\n  - site layout allows you to display the banner on mobile devices in full size\r\nUse data-cp1={customParam1} data-cp2={customParam2}... attributes for sending custom params\r\n-->\r\n<\/p><\/div><br \/>\nBron Breakker defender\u00e1 el Campeonato de NXT contra Jinder Mahal luego de que se llevara a cabo un segmento entre los dos el martes en NXT. Mahal confront\u00f3 a Breakker, diciendo que quer\u00eda una pelea por el t\u00edtulo, y se\u00f1al\u00f3 que hab\u00eda personas en la multitud que no eran fan\u00e1ticos suyos. Breakker acept\u00f3 el desaf\u00edo y dijo que la gente puede decir lo que quiera.<\/p>\n<blockquote class=\"twitter-tweet\">\n<p dir=\"ltr\" lang=\"en\">.<a href=\"https:\/\/twitter.com\/JinderMahal?ref_src=twsrc%5Etfw\" target=\"_blank\" rel=\"noopener\">@JinderMahal<\/a> wants a shot at <a href=\"https:\/\/twitter.com\/bronbreakkerwwe?ref_src=twsrc%5Etfw\" target=\"_blank\" rel=\"noopener\">@bronbreakkerwwe<\/a> and the NXT Championship NEXT WEEK &#x1f440;<a href=\"https:\/\/twitter.com\/hashtag\/WWENXT?src=hash&amp;ref_src=twsrc%5Etfw\" target=\"_blank\" rel=\"noopener\">#WWENXT<\/a> <a href=\"https:\/\/t.co\/XGuXbaJHJa\">pic.twitter.com\/XGuXbaJHJa<\/a><\/p>\n<p>\u2014 WWE (@WWE) <a href=\"https:\/\/twitter.com\/WWE\/status\/1625678930941280257?ref_src=twsrc%5Etfw\" target=\"_blank\" rel=\"noopener\">February 15, 2023<\/a><\/p><\/blockquote>\n<p><script async src=\"https:\/\/platform.twitter.com\/widgets.js\" charset=\"utf-8\"><\/script><br \/>\nJacy Jayne se enfrentar\u00e1 a Indi Hartwell. Despu\u00e9s de que Jayne hizo una promo explicando por qu\u00e9 atac\u00f3 a Gigi Dolin la semana pasada, se entrevist\u00f3 a Hartwell. Ella dijo que Jayne pensando que deber\u00eda estar al frente de la l\u00ednea en la divisi\u00f3n femenina de NXT est\u00e1 mal, desafi\u00e1ndola a un combate.<\/p>\n","protected":false},"excerpt":{"rendered":"<p>Una lucha por el Campeonato de NXT est\u00e1 programada para el pr\u00f3ximo martes.<\/p>\n","protected":false},"author":1,"featured_media":195147,"comment_status":"closed","ping_status":"closed","sticky":false,"template":"","format":"standard","meta":{"footnotes":""},"categories":[5,38],"tags":[],"class_list":["post-195146","post","type-post","status-publish","format-standard","has-post-thumbnail","category-noticias","category-noticias-y-rumores-de-la-wwe"],"_links":{"self":[{"href":"https:\/\/www.prwrestling.com\/nw\/wp-json\/wp\/v2\/posts\/195146","targetHints":{"allow":["GET"]}}],"collection":[{"href":"https:\/\/www.prwrestling.com\/nw\/wp-json\/wp\/v2\/posts"}],"about":[{"href":"https:\/\/www.prwrestling.com\/nw\/wp-json\/wp\/v2\/types\/post"}],"author":[{"embeddable":true,"href":"https:\/\/www.prwrestling.com\/nw\/wp-json\/wp\/v2\/users\/1"}],"replies":[{"embeddable":true,"href":"https:\/\/www.prwrestling.com\/nw\/wp-json\/wp\/v2\/comments?post=195146"}],"version-history":[{"count":1,"href":"https:\/\/www.prwrestling.com\/nw\/wp-json\/wp\/v2\/posts\/195146\/revisions"}],"predecessor-version":[{"id":195149,"href":"https:\/\/www.prwrestling.com\/nw\/wp-json\/wp\/v2\/posts\/195146\/revisions\/195149"}],"wp:featuredmedia":[{"embeddable":true,"href":"https:\/\/www.prwrestling.com\/nw\/wp-json\/wp\/v2\/media\/195147"}],"wp:attachment":[{"href":"https:\/\/www.prwrestling.com\/nw\/wp-json\/wp\/v2\/media?parent=195146"}],"wp:term":[{"taxonomy":"category","embeddable":true,"href":"https:\/\/www.prwrestling.com\/nw\/wp-json\/wp\/v2\/categories?post=195146"},{"taxonomy":"post_tag","embeddable":true,"href":"https:\/\/www.prwrestling.com\/nw\/wp-json\/wp\/v2\/tags?post=195146"}],"curies":[{"name":"wp","href":"https:\/\/api.w.org\/{rel}","templated":true}]}}