{"id":195262,"date":"2023-02-15T17:49:58","date_gmt":"2023-02-15T22:49:58","guid":{"rendered":"https:\/\/www.prwrestling.com\/nw\/?p=195262"},"modified":"2023-02-15T17:49:58","modified_gmt":"2023-02-15T22:49:58","slug":"damian-priest-hace-mencion-de-posible-premium-live-event-de-wwe-en-puerto-rico","status":"publish","type":"post","link":"https:\/\/www.prwrestling.com\/nw\/damian-priest-hace-mencion-de-posible-premium-live-event-de-wwe-en-puerto-rico\/","title":{"rendered":"Damian Priest hace menci\u00f3n de posible &#8220;Premium Live Event&#8221; de WWE en Puerto Rico"},"content":{"rendered":"<div>\n<p><span style=\"vertical-align: inherit;\"><span style=\"vertical-align: inherit;\">Damian Priest tiene la esperanza de que WWE traiga un evento premium en vivo a Puerto Rico.<\/span><\/span><!--more--><div id=\"ad-slot\" style=\"min-width: 300px; min-height: 250px;\">\r\n<p style=\"text-align: center;\">\r\n<!-- Site name: prwrestling.com\r\nZone name: prwrestling.com_banner_300x250\r\nZone id: 2109741734\r\nType: banner\r\nFormat: 300x250\r\n --> \r\n\r\n<!-- Copy and paste this code on the page. -->\r\n<div id='zone_2109741734' ><\/div>\r\n<script>\r\n    (function(w,d,o,g,r,a,m){\r\n        var cid='zone_2109741734';\r\n        w[r]=w[r]||function(){(w[r+'l']=w[r+'l']||[]).push(arguments)};\r\n        function e(b,w,r){if((w[r+'h']=b.pop())&&!w.ABN){\r\n            var a=d.createElement(o),p=d.getElementsByTagName(o)[0];a.async=1;\r\n            a.src='https:\/\/cdn.'+w[r+'h']+'\/libs\/e.js';a.onerror=function(){e(g,w,r)};\r\n            p.parentNode.insertBefore(a,p)}}e(g,w,r);\r\n        w[r](cid,{id:2109741734,domain:w[r+'h']});\r\n    })(window,document,'script',['traffmovie.com'],'ABNS');\r\n<\/script>\r\n\r\n<!--\r\nWhen setting the zone code, make sure:\r\n  - you have provided all domains from which the area code will be called\r\n  - the site does not limit the loading in the Content Security Policy\r\n  - the area code is installed in the ad space inside the page\r\n  - site layout allows you to display the banner on mobile devices in full size\r\nUse data-cp1={customParam1} data-cp2={customParam2}... attributes for sending custom params\r\n-->\r\n<\/p><\/div><\/p>\n<p><span style=\"vertical-align: inherit;\"><span style=\"vertical-align: inherit;\">El miembro de Judgement Day habl\u00f3 sobre este tema durante una aparici\u00f3n reciente en el podcast de Kick Rocks, donde revel\u00f3 que ha tenido conversaciones con la compa\u00f1\u00eda para traer algo especial a su antiguo hogar.<\/span><\/span><\/p>\n<blockquote><p><span style=\"vertical-align: inherit;\"><span style=\"vertical-align: inherit;\">Hemos tenido algunas conversaciones al respecto. <\/span><span style=\"vertical-align: inherit;\">Lo mantendr\u00e9 as\u00ed. <\/span><span style=\"vertical-align: inherit;\">Mant\u00e9nganse al tanto.<\/span><\/span><\/p><\/blockquote>\n<p><span style=\"vertical-align: inherit;\"><span style=\"vertical-align: inherit;\">Priest naci\u00f3 en la ciudad de Nueva York pero se cri\u00f3 en Dorado, Puerto Rico. <\/span><span style=\"vertical-align: inherit;\">Ha capturado el oro en m\u00faltiples ocasiones durante su carrera en WWE y NXT, y apareci\u00f3 en un enfrentamiento estelar de WrestleMania hace dos a\u00f1os, donde se uni\u00f3 a la sensaci\u00f3n del rap latino Bad Bunny.<\/span><\/span><\/p>\n<p><span style=\"vertical-align: inherit;\"><span style=\"vertical-align: inherit;\">WWE realiz\u00f3 un evento en vivo (house show) en Puerto Rico en octubre de 2021.<\/span><\/span><div id=\"ad-slot\" style=\"min-width: 300px; min-height: 250px;\"><p style=\"text-align: center;\">\r\n<script async src=\"https:\/\/pagead2.googlesyndication.com\/pagead\/js\/adsbygoogle.js\"><\/script>\r\n<!-- Responsive sc c -->\r\n<ins class=\"adsbygoogle\"\r\n     style=\"display:block\"\r\n     data-ad-client=\"ca-pub-1244235910658811\"\r\n     data-ad-slot=\"4234005358\"\r\n     data-ad-format=\"auto\"\r\n     data-full-width-responsive=\"true\"><\/ins>\r\n<script>\r\n     (adsbygoogle = window.adsbygoogle || []).push({});\r\n<\/script><\/p><\/div><\/p>\n<p><span style=\"vertical-align: inherit;\"><span style=\"vertical-align: inherit;\">La entrevista completa de Priest se puede encontrar a continuaci\u00f3n.<\/span><\/span><\/p>\n<p><iframe loading=\"lazy\" title=\"What happens when you stick a WWE Superstar in a Welsh family from The Valleys? BT Sport x WWE\" src=\"https:\/\/www.youtube.com\/embed\/cHOWQeUBSYo?feature=oembed\" width=\"500\" height=\"281\" frameborder=\"0\" allowfullscreen=\"allowfullscreen\"><\/iframe><\/p>\n<\/div>\n","protected":false},"excerpt":{"rendered":"<p>Damian Priest tiene la esperanza de que WWE traiga un evento premium en vivo a Puerto Rico.<\/p>\n","protected":false},"author":1,"featured_media":129377,"comment_status":"closed","ping_status":"closed","sticky":false,"template":"","format":"standard","meta":{"footnotes":""},"categories":[5,38],"tags":[],"class_list":["post-195262","post","type-post","status-publish","format-standard","has-post-thumbnail","category-noticias","category-noticias-y-rumores-de-la-wwe"],"_links":{"self":[{"href":"https:\/\/www.prwrestling.com\/nw\/wp-json\/wp\/v2\/posts\/195262","targetHints":{"allow":["GET"]}}],"collection":[{"href":"https:\/\/www.prwrestling.com\/nw\/wp-json\/wp\/v2\/posts"}],"about":[{"href":"https:\/\/www.prwrestling.com\/nw\/wp-json\/wp\/v2\/types\/post"}],"author":[{"embeddable":true,"href":"https:\/\/www.prwrestling.com\/nw\/wp-json\/wp\/v2\/users\/1"}],"replies":[{"embeddable":true,"href":"https:\/\/www.prwrestling.com\/nw\/wp-json\/wp\/v2\/comments?post=195262"}],"version-history":[{"count":3,"href":"https:\/\/www.prwrestling.com\/nw\/wp-json\/wp\/v2\/posts\/195262\/revisions"}],"predecessor-version":[{"id":195268,"href":"https:\/\/www.prwrestling.com\/nw\/wp-json\/wp\/v2\/posts\/195262\/revisions\/195268"}],"wp:featuredmedia":[{"embeddable":true,"href":"https:\/\/www.prwrestling.com\/nw\/wp-json\/wp\/v2\/media\/129377"}],"wp:attachment":[{"href":"https:\/\/www.prwrestling.com\/nw\/wp-json\/wp\/v2\/media?parent=195262"}],"wp:term":[{"taxonomy":"category","embeddable":true,"href":"https:\/\/www.prwrestling.com\/nw\/wp-json\/wp\/v2\/categories?post=195262"},{"taxonomy":"post_tag","embeddable":true,"href":"https:\/\/www.prwrestling.com\/nw\/wp-json\/wp\/v2\/tags?post=195262"}],"curies":[{"name":"wp","href":"https:\/\/api.w.org\/{rel}","templated":true}]}}