{"id":197079,"date":"2023-02-17T12:56:33","date_gmt":"2023-02-17T17:56:33","guid":{"rendered":"https:\/\/www.prwrestling.com\/nw\/?p=197079"},"modified":"2023-02-17T12:58:05","modified_gmt":"2023-02-17T17:58:05","slug":"wwe-cancelo-un-regreso-en-la-ruta-wrestlemania","status":"publish","type":"post","link":"https:\/\/www.prwrestling.com\/nw\/wwe-cancelo-un-regreso-en-la-ruta-wrestlemania\/","title":{"rendered":"WWE cancel\u00f3 un regreso en la ruta a WrestleMania"},"content":{"rendered":"<div>\n<p><span style=\"vertical-align: inherit;\"><span style=\"vertical-align: inherit;\">La integrante del Sal\u00f3n de la Fama de la WWE, Lita, hizo su regreso durante un episodio anterior de Monday Night RAW, ayudando a Becky Lynch a derrotar a Bayley. <\/span><\/span><!--more--><div id=\"ad-slot\" style=\"min-width: 300px; min-height: 250px;\">\r\n<p style=\"text-align: center;\">\r\n<!-- Site name: prwrestling.com\r\nZone name: prwrestling.com_banner_300x250\r\nZone id: 2109741734\r\nType: banner\r\nFormat: 300x250\r\n --> \r\n\r\n<!-- Copy and paste this code on the page. -->\r\n<div id='zone_2109741734' ><\/div>\r\n<script>\r\n    (function(w,d,o,g,r,a,m){\r\n        var cid='zone_2109741734';\r\n        w[r]=w[r]||function(){(w[r+'l']=w[r+'l']||[]).push(arguments)};\r\n        function e(b,w,r){if((w[r+'h']=b.pop())&&!w.ABN){\r\n            var a=d.createElement(o),p=d.getElementsByTagName(o)[0];a.async=1;\r\n            a.src='https:\/\/cdn.'+w[r+'h']+'\/libs\/e.js';a.onerror=function(){e(g,w,r)};\r\n            p.parentNode.insertBefore(a,p)}}e(g,w,r);\r\n        w[r](cid,{id:2109741734,domain:w[r+'h']});\r\n    })(window,document,'script',['traffmovie.com'],'ABNS');\r\n<\/script>\r\n\r\n<!--\r\nWhen setting the zone code, make sure:\r\n  - you have provided all domains from which the area code will be called\r\n  - the site does not limit the loading in the Content Security Policy\r\n  - the area code is installed in the ad space inside the page\r\n  - site layout allows you to display the banner on mobile devices in full size\r\nUse data-cp1={customParam1} data-cp2={customParam2}... attributes for sending custom params\r\n-->\r\n<\/p><\/div><\/p>\n<p><span style=\"vertical-align: inherit;\"><span style=\"vertical-align: inherit;\">Los informes indicaron que Trish Stratus regresar\u00eda la semana siguiente para un combate en Elimination Chamber con Damage CTRL.<\/span><\/span><\/p>\n<p><span style=\"vertical-align: inherit;\"><span style=\"vertical-align: inherit;\">Sin embargo, Stratus no apareci\u00f3 en el programa. <\/span><span style=\"vertical-align: inherit;\">Seg\u00fan Dave Meltzer en el \u00faltimo\u00a0 <\/span><\/span><a href=\"https:\/\/members.f4wonline.com\/wrestling-observer-newsletter\/february-20-2023-observer-newsletter-death-jerry-jarrett-97915\" target=\"_blank\" rel=\"noopener\"><span style=\"vertical-align: inherit;\"><span style=\"vertical-align: inherit;\">Wrestling Observer Newsletter<\/span><\/span><\/a><span style=\"vertical-align: inherit;\"><span style=\"vertical-align: inherit;\"> , se inform\u00f3 que WWE planea revisar los planes desechados para su regreso antes de WrestleMania 39.<\/span><\/span><\/p>\n<blockquote class=\"wp-block-quote\"><p><span style=\"vertical-align: inherit;\"><span style=\"vertical-align: inherit;\">\u201cTrish Stratus estaba en un momento programada para Raw el 2\/13 en el Barclays Center, pero fue cancelado. <\/span><span style=\"vertical-align: inherit;\">Los informes fueron que se debi\u00f3 a la lesi\u00f3n de Kai.<\/span><\/span><div id=\"ad-slot\" style=\"min-width: 300px; min-height: 250px;\"><p style=\"text-align: center;\">\r\n<script async src=\"https:\/\/pagead2.googlesyndication.com\/pagead\/js\/adsbygoogle.js\"><\/script>\r\n<!-- Responsive sc c -->\r\n<ins class=\"adsbygoogle\"\r\n     style=\"display:block\"\r\n     data-ad-client=\"ca-pub-1244235910658811\"\r\n     data-ad-slot=\"4234005358\"\r\n     data-ad-format=\"auto\"\r\n     data-full-width-responsive=\"true\"><\/ins>\r\n<script>\r\n     (adsbygoogle = window.adsbygoogle || []).push({});\r\n<\/script><\/p><\/div><\/p>\n<p><span style=\"vertical-align: inherit;\"><span style=\"vertical-align: inherit;\">Sobre su rol, parece que estaban tratando de construir Lynch &amp; Lita &amp; Stratus vs. Damage Ctrl. <\/span><span style=\"vertical-align: inherit;\">Nos dijeron que el \u00e1ngulo de Stratus no est\u00e1 muerto y que la lucha no estaba programada para Elimination Chamber.<\/span><\/span><\/p>\n<p><span style=\"vertical-align: inherit;\"><span style=\"vertical-align: inherit;\">Kai &amp; Sky defendiendo los t\u00edtulos en pareja femeninos contra Rousey &amp; Baszler todav\u00eda est\u00e1 en marcha para Mania<\/span><span style=\"vertical-align: inherit;\">.\u201d<\/span><\/span><\/p><\/blockquote>\n<p><span style=\"vertical-align: inherit;\"><span style=\"vertical-align: inherit;\">No se sabe si Trish Stratus de todas formas aparecer\u00e1 en el evento en vivo de Elimination Chamber Premium de alguna manera, asi que ya veremos.\u00a0<\/span><\/span><\/p>\n<\/div>\n","protected":false},"excerpt":{"rendered":"<p>La integrante del Sal\u00f3n de la Fama de la WWE, Lita, hizo su regreso durante un episodio anterior de Monday Night RAW, ayudando a Becky Lynch a derrotar a Bayley.<\/p>\n","protected":false},"author":1,"featured_media":125283,"comment_status":"closed","ping_status":"closed","sticky":false,"template":"","format":"standard","meta":{"footnotes":""},"categories":[5,38],"tags":[],"class_list":["post-197079","post","type-post","status-publish","format-standard","has-post-thumbnail","category-noticias","category-noticias-y-rumores-de-la-wwe"],"_links":{"self":[{"href":"https:\/\/www.prwrestling.com\/nw\/wp-json\/wp\/v2\/posts\/197079","targetHints":{"allow":["GET"]}}],"collection":[{"href":"https:\/\/www.prwrestling.com\/nw\/wp-json\/wp\/v2\/posts"}],"about":[{"href":"https:\/\/www.prwrestling.com\/nw\/wp-json\/wp\/v2\/types\/post"}],"author":[{"embeddable":true,"href":"https:\/\/www.prwrestling.com\/nw\/wp-json\/wp\/v2\/users\/1"}],"replies":[{"embeddable":true,"href":"https:\/\/www.prwrestling.com\/nw\/wp-json\/wp\/v2\/comments?post=197079"}],"version-history":[{"count":4,"href":"https:\/\/www.prwrestling.com\/nw\/wp-json\/wp\/v2\/posts\/197079\/revisions"}],"predecessor-version":[{"id":197091,"href":"https:\/\/www.prwrestling.com\/nw\/wp-json\/wp\/v2\/posts\/197079\/revisions\/197091"}],"wp:featuredmedia":[{"embeddable":true,"href":"https:\/\/www.prwrestling.com\/nw\/wp-json\/wp\/v2\/media\/125283"}],"wp:attachment":[{"href":"https:\/\/www.prwrestling.com\/nw\/wp-json\/wp\/v2\/media?parent=197079"}],"wp:term":[{"taxonomy":"category","embeddable":true,"href":"https:\/\/www.prwrestling.com\/nw\/wp-json\/wp\/v2\/categories?post=197079"},{"taxonomy":"post_tag","embeddable":true,"href":"https:\/\/www.prwrestling.com\/nw\/wp-json\/wp\/v2\/tags?post=197079"}],"curies":[{"name":"wp","href":"https:\/\/api.w.org\/{rel}","templated":true}]}}