{"id":197450,"date":"2023-02-20T17:56:10","date_gmt":"2023-02-20T22:56:10","guid":{"rendered":"https:\/\/www.prwrestling.com\/nw\/?p=197450"},"modified":"2023-02-20T17:56:10","modified_gmt":"2023-02-20T22:56:10","slug":"charlotte-flair-esta-en-contra-de-una-unificacion-de-titulos-femeninos","status":"publish","type":"post","link":"https:\/\/www.prwrestling.com\/nw\/charlotte-flair-esta-en-contra-de-una-unificacion-de-titulos-femeninos\/","title":{"rendered":"Charlotte Flair est\u00e1 en contra de una unificaci\u00f3n de t\u00edtulos femeninos"},"content":{"rendered":"<p><span style=\"vertical-align: inherit;\"><span style=\"vertical-align: inherit;\">La campeona femenina m\u00e1s condecorada en la historia de la lucha libre profesional quiere compartir la riqueza con el resto de sus compa\u00f1eros de la WWE. <\/span><\/span><!--more--><div id=\"ad-slot\" style=\"min-width: 300px; min-height: 250px;\">\r\n<p style=\"text-align: center;\">\r\n<script async src=\"https:\/\/pagead2.googlesyndication.com\/pagead\/js\/adsbygoogle.js\"><\/script>\r\n<!-- 300x250 sc a -->\r\n<ins class=\"adsbygoogle\"\r\n     style=\"display:inline-block;width:300px;height:250px\"\r\n     data-ad-client=\"ca-pub-1244235910658811\"\r\n     data-ad-slot=\"8592682546\"><\/ins>\r\n<script>\r\n     (adsbygoogle = window.adsbygoogle || []).push({});\r\n<\/script><\/center>\r\n<\/p><\/div><\/p>\n<p><span style=\"vertical-align: inherit;\"><span style=\"vertical-align: inherit;\">En una nueva entrevista, Charlotte Flair habl\u00f3 sobre querer enfrentarse a Bianca Belair en el futuro, pero no por su Campeonato Femenino de Raw. <\/span><\/span><\/p>\n<p><span style=\"vertical-align: inherit;\"><span style=\"vertical-align: inherit;\">Hablando con <\/span><\/span><a href=\"https:\/\/www.news-journalonline.com\/story\/sports\/nascar\/2023\/02\/19\/wwe-charlotte-flair-smackdown-daytona-500-wrestlemania-nascar-tailgates\/69920664007\/\" target=\"_blank\" rel=\"noopener\"><span style=\"vertical-align: inherit;\"><span style=\"vertical-align: inherit;\">The Daytona Beach News-Journal<\/span><\/span><\/a><span style=\"vertical-align: inherit;\"><span style=\"vertical-align: inherit;\"> , la 14 veces campeona mundial dijo que est\u00e1 en contra de la idea de unificar los campeonatos femeninos Raw y SmackDown y comparti\u00f3 sus razones.<\/span><\/span><\/p>\n<div class=\"columns-holder \">\n<p dir=\"ltr\"><span style=\"vertical-align: inherit;\"><span style=\"vertical-align: inherit;\">&#8220;No recomiendo un programa de unificaci\u00f3n porque creo que significar\u00eda menos oportunidades para las mujeres&#8221;, dijo Flair. <\/span><\/span><\/p>\n<div id=\"ad-slot\" style=\"min-width: 300px; min-height: 250px;\"><p style=\"text-align: center;\">\r\n<script async src=\"https:\/\/pagead2.googlesyndication.com\/pagead\/js\/adsbygoogle.js\"><\/script>\r\n<!-- Responsive sc c -->\r\n<ins class=\"adsbygoogle\"\r\n     style=\"display:block\"\r\n     data-ad-client=\"ca-pub-1244235910658811\"\r\n     data-ad-slot=\"4234005358\"\r\n     data-ad-format=\"auto\"\r\n     data-full-width-responsive=\"true\"><\/ins>\r\n<script>\r\n     (adsbygoogle = window.adsbygoogle || []).push({});\r\n<\/script><\/p><\/div>\n<p dir=\"ltr\"><span style=\"vertical-align: inherit;\"><span style=\"vertical-align: inherit;\">&#8220;Ser\u00eda genial para una de las chicas tener ambos t\u00edtulos al mismo tiempo, pero le quita muchos lugares (a otras)&#8221;. <\/span><\/span><\/p>\n<p dir=\"ltr\"><span style=\"vertical-align: inherit;\"><span style=\"vertical-align: inherit;\">Flair gan\u00f3 el Campeonato Femenino de SmackDown en diciembre tras su sorpresivo regreso y victoria sobre Ronda Rousey. <\/span><span style=\"vertical-align: inherit;\">Mientras tanto, en Raw, Belair ha sido Campeona Femenina desde que derrot\u00f3 a Becky Lynch por el t\u00edtulo en la Noche 1 de WrestleMania 38 el a\u00f1o pasado.<\/span><\/span><\/p>\n<p dir=\"ltr\"><span style=\"vertical-align: inherit;\"><span style=\"vertical-align: inherit;\">WWE ha tenido dos campeonatos mundiales femeninos desde 2016. Flair gan\u00f3 el Campeonato Femenino WWE recientemente restablecido en WrestleMania 32, y ese t\u00edtulo se convirti\u00f3 en exclusivo de Raw tras el regreso de la extensi\u00f3n de la marca. <\/span><\/span><\/p>\n<p dir=\"ltr\"><span style=\"vertical-align: inherit;\"><span style=\"vertical-align: inherit;\">WWE luego estableci\u00f3 un campeonato mundial femenino que se volver\u00eda exclusivo de SmackDown, que Lynch gan\u00f3 por primera vez en el Backlash de septiembre.<\/span><\/span><\/p>\n<\/div>\n","protected":false},"excerpt":{"rendered":"<p>La campeona femenina m\u00e1s condecorada en la historia de la lucha libre profesional quiere compartir la riqueza con el resto de sus compa\u00f1eros de la WWE.<\/p>\n","protected":false},"author":1,"featured_media":197454,"comment_status":"closed","ping_status":"closed","sticky":false,"template":"","format":"standard","meta":{"footnotes":""},"categories":[5,38],"tags":[],"class_list":{"0":"post-197450","1":"post","2":"type-post","3":"status-publish","4":"format-standard","5":"has-post-thumbnail","7":"category-noticias","8":"category-noticias-y-rumores-de-la-wwe"},"_links":{"self":[{"href":"https:\/\/www.prwrestling.com\/nw\/wp-json\/wp\/v2\/posts\/197450","targetHints":{"allow":["GET"]}}],"collection":[{"href":"https:\/\/www.prwrestling.com\/nw\/wp-json\/wp\/v2\/posts"}],"about":[{"href":"https:\/\/www.prwrestling.com\/nw\/wp-json\/wp\/v2\/types\/post"}],"author":[{"embeddable":true,"href":"https:\/\/www.prwrestling.com\/nw\/wp-json\/wp\/v2\/users\/1"}],"replies":[{"embeddable":true,"href":"https:\/\/www.prwrestling.com\/nw\/wp-json\/wp\/v2\/comments?post=197450"}],"version-history":[{"count":3,"href":"https:\/\/www.prwrestling.com\/nw\/wp-json\/wp\/v2\/posts\/197450\/revisions"}],"predecessor-version":[{"id":197455,"href":"https:\/\/www.prwrestling.com\/nw\/wp-json\/wp\/v2\/posts\/197450\/revisions\/197455"}],"wp:featuredmedia":[{"embeddable":true,"href":"https:\/\/www.prwrestling.com\/nw\/wp-json\/wp\/v2\/media\/197454"}],"wp:attachment":[{"href":"https:\/\/www.prwrestling.com\/nw\/wp-json\/wp\/v2\/media?parent=197450"}],"wp:term":[{"taxonomy":"category","embeddable":true,"href":"https:\/\/www.prwrestling.com\/nw\/wp-json\/wp\/v2\/categories?post=197450"},{"taxonomy":"post_tag","embeddable":true,"href":"https:\/\/www.prwrestling.com\/nw\/wp-json\/wp\/v2\/tags?post=197450"}],"curies":[{"name":"wp","href":"https:\/\/api.w.org\/{rel}","templated":true}]}}