{"id":198521,"date":"2023-02-28T18:04:03","date_gmt":"2023-02-28T23:04:03","guid":{"rendered":"https:\/\/www.prwrestling.com\/nw\/?p=198521"},"modified":"2023-10-19T14:10:21","modified_gmt":"2023-10-19T18:10:21","slug":"ex-luchador-de-wwe-tuvo-que-disculparse-con-vince-mcmahon-tras-recortarse-su-cabello","status":"publish","type":"post","link":"https:\/\/www.prwrestling.com\/nw\/ex-luchador-de-wwe-tuvo-que-disculparse-con-vince-mcmahon-tras-recortarse-su-cabello\/","title":{"rendered":"Ex luchador de WWE tuvo que disculparse con Vince McMahon tras recortarse su cabello"},"content":{"rendered":"<div>\n<p><span style=\"vertical-align: inherit;\"><span style=\"vertical-align: inherit;\">La apariencia f\u00edsica de un luchador de la WWE est\u00e1 intr\u00ednsecamente ligada a su personaje en pantalla y sus compromisos comerciales. <\/span><\/span><!--more--><div id=\"ad-slot\" style=\"min-width: 300px; min-height: 250px;\">\r\n<p style=\"text-align: center;\">\r\n<script async src=\"https:\/\/pagead2.googlesyndication.com\/pagead\/js\/adsbygoogle.js\"><\/script>\r\n<!-- 300x250 sc a -->\r\n<ins class=\"adsbygoogle\"\r\n     style=\"display:inline-block;width:300px;height:250px\"\r\n     data-ad-client=\"ca-pub-1244235910658811\"\r\n     data-ad-slot=\"8592682546\"><\/ins>\r\n<script>\r\n     (adsbygoogle = window.adsbygoogle || []).push({});\r\n<\/script><\/center>\r\n<\/p><\/div><\/p>\n<p><span style=\"vertical-align: inherit;\"><span style=\"vertical-align: inherit;\">Por lo tanto, es comprensible que Vince McMahon, quien era responsable de la WWE, insistiera en ser consultado antes de que los luchadores hicieran cambios significativos en su apariencia.<\/span><\/span><\/p>\n<p><span style=\"vertical-align: inherit;\"><span style=\"vertical-align: inherit;\">Heath Slater hab\u00eda lucido el cabello largo y rojo desde su debut en el roster principal de la WWE como parte de The Nexus en 2010. Sin embargo, en 2015, decidi\u00f3 cortarlo despu\u00e9s de terminar su asociaci\u00f3n con Titus O&#8217;Neil.<\/span><\/span><\/p>\n<p><span style=\"vertical-align: inherit;\"><span style=\"vertical-align: inherit;\">Mientras hablaba con\u00a0 <\/span><\/span><a href=\"https:\/\/www.youtube.com\/watch?v=PBBBrB_jkaM\" target=\"_blank\" rel=\"noreferrer noopener\"><span style=\"vertical-align: inherit;\"><span style=\"vertical-align: inherit;\">WSI<\/span><\/span><\/a><span style=\"vertical-align: inherit;\"><span style=\"vertical-align: inherit;\"> , Slater habl\u00f3 sobre su decisi\u00f3n de cortarse el cabello, revelando<\/span><span style=\"vertical-align: inherit;\"> que Vince McMahon no estaba contento con el cambio.<\/span><\/span><div id=\"ad-slot\" style=\"min-width: 300px; min-height: 250px;\"><p style=\"text-align: center;\">\r\n<script async src=\"https:\/\/pagead2.googlesyndication.com\/pagead\/js\/adsbygoogle.js\"><\/script>\r\n<!-- Responsive sc c -->\r\n<ins class=\"adsbygoogle\"\r\n     style=\"display:block\"\r\n     data-ad-client=\"ca-pub-1244235910658811\"\r\n     data-ad-slot=\"4234005358\"\r\n     data-ad-format=\"auto\"\r\n     data-full-width-responsive=\"true\"><\/ins>\r\n<script>\r\n     (adsbygoogle = window.adsbygoogle || []).push({});\r\n<\/script><\/p><\/div><\/p>\n<blockquote class=\"wp-block-quote\"><p><span style=\"vertical-align: inherit;\"><span style=\"vertical-align: inherit;\">\u201cSimplemente le dije directamente. <\/span><span style=\"vertical-align: inherit;\">Le dije: &#8216;Vince, ya termin\u00e9 con el pelo largo&#8217;. <\/span><span style=\"vertical-align: inherit;\">Lo tuve durante a\u00f1os. <\/span><span style=\"vertical-align: inherit;\">Sigui\u00f3 su curso. <\/span><span style=\"vertical-align: inherit;\">S\u00f3lo quiero algo diferente. <\/span><span style=\"vertical-align: inherit;\">Supongo que entendi\u00f3. <\/span><span style=\"vertical-align: inherit;\">Me dijo: &#8216;Si vuelves a hacer algo tan dr\u00e1stico como eso, primero tienes que hac\u00e9rmelo saber&#8217;. <\/span><span style=\"vertical-align: inherit;\">Dije: &#8216;S\u00ed, totalmente, lo siento, mi error&#8217;.<\/span><\/span><\/p>\n<p><span style=\"vertical-align: inherit;\"><span style=\"vertical-align: inherit;\">No estaban haciendo nada conmigo de todos modos en ese momento. <\/span><span style=\"vertical-align: inherit;\">Mi carrera es leg\u00edtimamente una monta\u00f1a rusa. <\/span><span style=\"vertical-align: inherit;\">Estoy en el m\u00e1s alto de los m\u00e1ximos y estaba en el m\u00e1s bajo de los m\u00ednimos. <\/span><span style=\"vertical-align: inherit;\">Ese fue un momento en el que estaba en el m\u00e1s bajo de los m\u00ednimos. <\/span><span style=\"vertical-align: inherit;\">Nadie est\u00e1 haciendo mucho conmigo. <\/span><span style=\"vertical-align: inherit;\">Solo estoy haciendo luchas de BS que no importan, y dije: &#8216;Sabes qu\u00e9, al diablo con esto, hombre, solo voy a cambiarlo&#8217;\u201d.<\/span><\/span><\/p><\/blockquote>\n<\/div>\n","protected":false},"excerpt":{"rendered":"<p>La apariencia f\u00edsica de un luchador de la WWE est\u00e1 intr\u00ednsecamente ligada a su personaje en pantalla y sus compromisos comerciales.<\/p>\n","protected":false},"author":1,"featured_media":198530,"comment_status":"closed","ping_status":"closed","sticky":false,"template":"","format":"standard","meta":{"footnotes":""},"categories":[5,38],"tags":[1359],"class_list":{"0":"post-198521","1":"post","2":"type-post","3":"status-publish","4":"format-standard","5":"has-post-thumbnail","7":"category-noticias","8":"category-noticias-y-rumores-de-la-wwe","9":"tag-vince-mcmahon"},"_links":{"self":[{"href":"https:\/\/www.prwrestling.com\/nw\/wp-json\/wp\/v2\/posts\/198521","targetHints":{"allow":["GET"]}}],"collection":[{"href":"https:\/\/www.prwrestling.com\/nw\/wp-json\/wp\/v2\/posts"}],"about":[{"href":"https:\/\/www.prwrestling.com\/nw\/wp-json\/wp\/v2\/types\/post"}],"author":[{"embeddable":true,"href":"https:\/\/www.prwrestling.com\/nw\/wp-json\/wp\/v2\/users\/1"}],"replies":[{"embeddable":true,"href":"https:\/\/www.prwrestling.com\/nw\/wp-json\/wp\/v2\/comments?post=198521"}],"version-history":[{"count":3,"href":"https:\/\/www.prwrestling.com\/nw\/wp-json\/wp\/v2\/posts\/198521\/revisions"}],"predecessor-version":[{"id":198531,"href":"https:\/\/www.prwrestling.com\/nw\/wp-json\/wp\/v2\/posts\/198521\/revisions\/198531"}],"wp:featuredmedia":[{"embeddable":true,"href":"https:\/\/www.prwrestling.com\/nw\/wp-json\/wp\/v2\/media\/198530"}],"wp:attachment":[{"href":"https:\/\/www.prwrestling.com\/nw\/wp-json\/wp\/v2\/media?parent=198521"}],"wp:term":[{"taxonomy":"category","embeddable":true,"href":"https:\/\/www.prwrestling.com\/nw\/wp-json\/wp\/v2\/categories?post=198521"},{"taxonomy":"post_tag","embeddable":true,"href":"https:\/\/www.prwrestling.com\/nw\/wp-json\/wp\/v2\/tags?post=198521"}],"curies":[{"name":"wp","href":"https:\/\/api.w.org\/{rel}","templated":true}]}}