{"id":199298,"date":"2023-03-07T17:20:29","date_gmt":"2023-03-07T22:20:29","guid":{"rendered":"https:\/\/www.prwrestling.com\/nw\/?p=199298"},"modified":"2023-03-07T17:20:29","modified_gmt":"2023-03-07T22:20:29","slug":"que-ha-pasado-con-el-wwe-hall-of-fame-para-este-ano","status":"publish","type":"post","link":"https:\/\/www.prwrestling.com\/nw\/que-ha-pasado-con-el-wwe-hall-of-fame-para-este-ano\/","title":{"rendered":"\u00bfQu\u00e9 ha pasado con el WWE Hall of Fame para este a\u00f1o?"},"content":{"rendered":"<p>Es posible que hayan notado que es la temporada de WrestleMania y WWE a\u00fan no ha anunciado ninguno de los miembros del Sal\u00f3n de la Fama de la WWE Clase de 2023.<!--more--><div id=\"ad-slot\" style=\"min-width: 300px; min-height: 250px;\">\r\n<p style=\"text-align: center;\">\r\n<!-- Site name: prwrestling.com\r\nZone name: prwrestling.com_banner_300x250\r\nZone id: 2109741734\r\nType: banner\r\nFormat: 300x250\r\n --> \r\n\r\n<!-- Copy and paste this code on the page. -->\r\n<div id='zone_2109741734' ><\/div>\r\n<script>\r\n    (function(w,d,o,g,r,a,m){\r\n        var cid='zone_2109741734';\r\n        w[r]=w[r]||function(){(w[r+'l']=w[r+'l']||[]).push(arguments)};\r\n        function e(b,w,r){if((w[r+'h']=b.pop())&&!w.ABN){\r\n            var a=d.createElement(o),p=d.getElementsByTagName(o)[0];a.async=1;\r\n            a.src='https:\/\/cdn.'+w[r+'h']+'\/libs\/e.js';a.onerror=function(){e(g,w,r)};\r\n            p.parentNode.insertBefore(a,p)}}e(g,w,r);\r\n        w[r](cid,{id:2109741734,domain:w[r+'h']});\r\n    })(window,document,'script',['traffmovie.com'],'ABNS');\r\n<\/script>\r\n\r\n<!--\r\nWhen setting the zone code, make sure:\r\n  - you have provided all domains from which the area code will be called\r\n  - the site does not limit the loading in the Content Security Policy\r\n  - the area code is installed in the ad space inside the page\r\n  - site layout allows you to display the banner on mobile devices in full size\r\nUse data-cp1={customParam1} data-cp2={customParam2}... attributes for sending custom params\r\n-->\r\n<\/p><\/div><\/p>\n<p>Actualmente, WWE tiene programado celebrar Friday Night SmackDown el fin de semana de WrestleMania, y la ceremonia de inducci\u00f3n de la Clase 2023 del Sal\u00f3n de la Fama de WWE inmediatamente despu\u00e9s desde el Crypto Arena.<\/p>\n<p>Sin embargo, los fan\u00e1ticos a\u00fan no conocen a ninguno de los miembros de este a\u00f1o cuando en este punto ya al menos se conoc\u00edan 1-2 nombres de maner aoficial.<\/p>\n<p>Dave Meltzer proporcion\u00f3 una actualizaci\u00f3n sobre la ceremonia del Sal\u00f3n de la Fama de este a\u00f1o en <a href=\"http:\/\/f4wonline.com\" target=\"_blank\" rel=\"noopener\">Wrestling Observer<\/a> Radio de hoy.<div id=\"ad-slot\" style=\"min-width: 300px; min-height: 250px;\"><p style=\"text-align: center;\">\r\n<script async src=\"https:\/\/pagead2.googlesyndication.com\/pagead\/js\/adsbygoogle.js\"><\/script>\r\n<!-- Responsive sc c -->\r\n<ins class=\"adsbygoogle\"\r\n     style=\"display:block\"\r\n     data-ad-client=\"ca-pub-1244235910658811\"\r\n     data-ad-slot=\"4234005358\"\r\n     data-ad-format=\"auto\"\r\n     data-full-width-responsive=\"true\"><\/ins>\r\n<script>\r\n     (adsbygoogle = window.adsbygoogle || []).push({});\r\n<\/script><\/p><\/div><\/p>\n<p>Seg\u00fan Meltzer, WWE ha comenzado el proceso de pedirle a la gente que se presente en la ceremonia del Sal\u00f3n de la Fama de este a\u00f1o, por lo que seguir\u00e1n avanzando con una clase. Sin embargo, se desconoce por qu\u00e9 WWE a\u00fan no ha anunciado ning\u00fan nombre para el evento de este a\u00f1o.<\/p>\n<p>Adem\u00e1s se especulas que la cantidad de leyendas este a\u00f1o podr\u00eda ser considerablemente menos que en a\u00f1os anteriores.<\/p>\n","protected":false},"excerpt":{"rendered":"<p>Es posible que hayan notado que es la temporada de WrestleMania y WWE a\u00fan no ha anunciado ninguno de los miembros del Sal\u00f3n de la Fama de la WWE Clase de 2023.<\/p>\n","protected":false},"author":1,"featured_media":139902,"comment_status":"closed","ping_status":"closed","sticky":false,"template":"","format":"standard","meta":{"footnotes":""},"categories":[5,38],"tags":[],"class_list":["post-199298","post","type-post","status-publish","format-standard","has-post-thumbnail","category-noticias","category-noticias-y-rumores-de-la-wwe"],"_links":{"self":[{"href":"https:\/\/www.prwrestling.com\/nw\/wp-json\/wp\/v2\/posts\/199298","targetHints":{"allow":["GET"]}}],"collection":[{"href":"https:\/\/www.prwrestling.com\/nw\/wp-json\/wp\/v2\/posts"}],"about":[{"href":"https:\/\/www.prwrestling.com\/nw\/wp-json\/wp\/v2\/types\/post"}],"author":[{"embeddable":true,"href":"https:\/\/www.prwrestling.com\/nw\/wp-json\/wp\/v2\/users\/1"}],"replies":[{"embeddable":true,"href":"https:\/\/www.prwrestling.com\/nw\/wp-json\/wp\/v2\/comments?post=199298"}],"version-history":[{"count":2,"href":"https:\/\/www.prwrestling.com\/nw\/wp-json\/wp\/v2\/posts\/199298\/revisions"}],"predecessor-version":[{"id":199301,"href":"https:\/\/www.prwrestling.com\/nw\/wp-json\/wp\/v2\/posts\/199298\/revisions\/199301"}],"wp:featuredmedia":[{"embeddable":true,"href":"https:\/\/www.prwrestling.com\/nw\/wp-json\/wp\/v2\/media\/139902"}],"wp:attachment":[{"href":"https:\/\/www.prwrestling.com\/nw\/wp-json\/wp\/v2\/media?parent=199298"}],"wp:term":[{"taxonomy":"category","embeddable":true,"href":"https:\/\/www.prwrestling.com\/nw\/wp-json\/wp\/v2\/categories?post=199298"},{"taxonomy":"post_tag","embeddable":true,"href":"https:\/\/www.prwrestling.com\/nw\/wp-json\/wp\/v2\/tags?post=199298"}],"curies":[{"name":"wp","href":"https:\/\/api.w.org\/{rel}","templated":true}]}}